{"id":2245,"date":"2018-07-18T11:56:17","date_gmt":"2018-07-18T11:56:17","guid":{"rendered":"https:\/\/cp-rup.com\/?p=2245"},"modified":"2021-03-20T03:00:53","modified_gmt":"2021-03-20T03:00:53","slug":"abierta-la-inscripcion-para-participar-en-la-regio-week","status":"publish","type":"post","link":"https:\/\/www.cp-rup.com\/es\/abierta-la-inscripcion-para-participar-en-la-regio-week\/","title":{"rendered":"Abierta la inscripci\u00f3n para participar en la Regio Week"},"content":{"rendered":"<p>Ya puedes realizar tu inscripci\u00f3n para participar en la Semana Europea de las Regiones y las Ciudades (Regio Week), que tendr\u00e1 lugar en Bruselas del 8 al 11 de octubre de 2018. Toda la informaci\u00f3n sobre el evento est\u00e1 disponible en el siguiente enlace: <a href=\"https:\/\/europa.eu\/regions-and-cities\/\">https:\/\/europa.eu\/regions-and-cities\/<\/a><\/p>\n<p>Accede al siguiente enlace para realizar tu inscripci\u00f3n:\u00a0<a href=\"https:\/\/europa.eu\/regions-and-cities\/programme\/sessions\/156_en\">https:\/\/europa.eu\/regions-and-cities\/programme\/sessions\/156_en<\/a><\/p>\n","protected":false},"excerpt":{"rendered":"<p>Ya puedes realizar tu inscripci\u00f3n para participar en la Semana Europea de las Regiones y las Ciudades (Regio Week), que tendr\u00e1 lugar en Bruselas del 8 al 11 de octubre de 2018. Toda la informaci\u00f3n sobre el evento est\u00e1 disponible en el siguiente enlace: https:\/\/europa.eu\/regions-and-cities\/ Accede al siguiente enlace para realizar tu inscripci\u00f3n:\u00a0https:\/\/europa.eu\/regions-and-cities\/programme\/sessions\/156_en<\/p>\n","protected":false},"author":45,"featured_media":2250,"comment_status":"open","ping_status":"open","sticky":false,"template":"","format":"standard","meta":{"_acf_changed":false,"footnotes":"","_links_to":"","_links_to_target":""},"categories":[231],"tags":[],"class_list":["post-2245","post","type-post","status-publish","format-standard","has-post-thumbnail","hentry","category-sin-categoria-es"],"acf":[],"_links":{"self":[{"href":"https:\/\/www.cp-rup.com\/es\/wp-json\/wp\/v2\/posts\/2245","targetHints":{"allow":["GET"]}}],"collection":[{"href":"https:\/\/www.cp-rup.com\/es\/wp-json\/wp\/v2\/posts"}],"about":[{"href":"https:\/\/www.cp-rup.com\/es\/wp-json\/wp\/v2\/types\/post"}],"author":[{"embeddable":true,"href":"https:\/\/www.cp-rup.com\/es\/wp-json\/wp\/v2\/users\/45"}],"replies":[{"embeddable":true,"href":"https:\/\/www.cp-rup.com\/es\/wp-json\/wp\/v2\/comments?post=2245"}],"version-history":[{"count":6,"href":"https:\/\/www.cp-rup.com\/es\/wp-json\/wp\/v2\/posts\/2245\/revisions"}],"predecessor-version":[{"id":6298,"href":"https:\/\/www.cp-rup.com\/es\/wp-json\/wp\/v2\/posts\/2245\/revisions\/6298"}],"wp:featuredmedia":[{"embeddable":true,"href":"https:\/\/www.cp-rup.com\/es\/wp-json\/wp\/v2\/media\/2250"}],"wp:attachment":[{"href":"https:\/\/www.cp-rup.com\/es\/wp-json\/wp\/v2\/media?parent=2245"}],"wp:term":[{"taxonomy":"category","embeddable":true,"href":"https:\/\/www.cp-rup.com\/es\/wp-json\/wp\/v2\/categories?post=2245"},{"taxonomy":"post_tag","embeddable":true,"href":"https:\/\/www.cp-rup.com\/es\/wp-json\/wp\/v2\/tags?post=2245"}],"curies":[{"name":"wp","href":"https:\/\/api.w.org\/{rel}","templated":true}]}}