{"id":4262,"date":"2017-09-09T11:39:58","date_gmt":"2017-09-09T11:39:58","guid":{"rendered":"https:\/\/cp-rup.com\/?p=4262"},"modified":"2021-03-29T11:43:43","modified_gmt":"2021-03-29T11:43:43","slug":"exposicion-fotografica-san-martin-la-resilencia-de-una-isla","status":"publish","type":"post","link":"https:\/\/www.cp-rup.com\/es\/exposicion-fotografica-san-martin-la-resilencia-de-una-isla\/","title":{"rendered":"Exposici\u00f3n fotogr\u00e1fica \u00abSan Mart\u00edn, la resilencia de una isla\u00bb"},"content":{"rendered":"<p>El pasado 21 de noviembre tuvo lugar en la Casa de Col\u00f3n de Las Palmas de Gran Canaria, la inauguraci\u00f3n de la exposici\u00f3n fotogr\u00e1fica \u00abSan Mart\u00edn, la resilencia de una isla\u00bb, que cont\u00f3 con la presencia del Presidente de San Mart\u00edn, D. Daniel Gibbes y del Presidente de Canarias, D. Fernando Clavijo Batlle, entre otros.<\/p>\n<p>El 6 de septiembre de 2017, la isla de Sant Mart\u00edn sufri\u00f3 el peor fen\u00f3meno natural que ha conocido el Caribe. Irma, hurac\u00e1n de categor\u00eda 5 y de una fuerza excepcional, golpe\u00f3 la isla con r\u00e1fagas de viento registradas de 360km\/h dejando tras de s\u00ed un territorio destruido en un 95% y una poblaci\u00f3n devastada.<\/p>\n<p>Su poblaci\u00f3n multi\u00e9tnica y multiling\u00fce tiene alrededor de 35.000 habitantes (parte francesa).\u00a0 No obstante, tras el devastador paso del cicl\u00f3n Irma, casi 7.000 personas tuvieron que abandonar la isla y solo 3.000 habr\u00edan regresado hasta la fecha\u2026<\/p>\n<p>Las im\u00e1genes de los fot\u00f3grafos de San Mart\u00edn que aqu\u00ed se exponen capturan la violencia de este fen\u00f3meno in\u00e9dito, pero tambi\u00e9n revelan el coraje de la poblaci\u00f3n de San Mart\u00edn y la resiliencia de una isla que hoy renace de sus cenizas.<\/p>\n<p>&nbsp;<\/p>\n<p>Esta exposici\u00f3n recuerda efectivamente la gran vulnerabilidad de las RUP frente a los nefastos efectos del cambio clim\u00e1tico, al estar particularmente expuestas a las cat\u00e1strofes naturales extremas que se han vuelto recurrentes.<\/p>\n<p>&nbsp;<\/p>\n<p><img loading=\"lazy\" decoding=\"async\" class=\"wp-image-4274 aligncenter\" src=\"https:\/\/cp-rup.com\/wp-content\/uploads\/2019\/01\/POST-IRMA-SEPT-7-2017-para-noticia348-300x225.jpg\" alt=\"\" width=\"748\" height=\"561\" srcset=\"https:\/\/www.cp-rup.com\/wp-content\/uploads\/2019\/01\/POST-IRMA-SEPT-7-2017-para-noticia348-300x225.jpg 300w, https:\/\/www.cp-rup.com\/wp-content\/uploads\/2019\/01\/POST-IRMA-SEPT-7-2017-para-noticia348-768x576.jpg 768w, https:\/\/www.cp-rup.com\/wp-content\/uploads\/2019\/01\/POST-IRMA-SEPT-7-2017-para-noticia348-1024x768.jpg 1024w, https:\/\/www.cp-rup.com\/wp-content\/uploads\/2019\/01\/POST-IRMA-SEPT-7-2017-para-noticia348.jpg 1400w\" sizes=\"auto, (max-width: 748px) 100vw, 748px\" \/><\/p>\n<h6>Foto: Nathalie Beaurian<\/h6>\n<p>&nbsp;<\/p>\n<p>Estos fen\u00f3menos tienen importantes repercusiones en los recursos y en el desarrollo socioecon\u00f3mico de los territorios. Sobre la base de sus experiencias en materia de gesti\u00f3n prevenci\u00f3n de riesgos y en vista de las caracter\u00edsticas clim\u00e1ticas y geogr\u00e1ficas de estas, las RUP tienen intenci\u00f3n de participar activamente, con el apoyo de la UE, en la lucha contra el cambio clim\u00e1tico.<\/p>\n<p>La exposici\u00f3n cont\u00f3 con obras de los fot\u00f3grafos Claudio Arnell, Steph D\u00e9ziles, Nathalie Beaurian y Laurent Bayly.<\/p>\n<h6><img loading=\"lazy\" decoding=\"async\" class=\"wp-image-4285 aligncenter\" src=\"https:\/\/cp-rup.com\/wp-content\/uploads\/2019\/01\/IMG_8862-300x200.jpg\" alt=\"\" width=\"783\" height=\"522\" srcset=\"https:\/\/www.cp-rup.com\/wp-content\/uploads\/2019\/01\/IMG_8862-300x200.jpg 300w, https:\/\/www.cp-rup.com\/wp-content\/uploads\/2019\/01\/IMG_8862-768x512.jpg 768w, https:\/\/www.cp-rup.com\/wp-content\/uploads\/2019\/01\/IMG_8862-1024x682.jpg 1024w, https:\/\/www.cp-rup.com\/wp-content\/uploads\/2019\/01\/IMG_8862.jpg 1400w\" sizes=\"auto, (max-width: 783px) 100vw, 783px\" \/><\/h6>\n<h6>Foto: Claudio Arnell<\/h6>\n","protected":false},"excerpt":{"rendered":"<p>El pasado 21 de noviembre tuvo lugar en la Casa de Col\u00f3n de Las Palmas de Gran Canaria, la inauguraci\u00f3n de la exposici\u00f3n fotogr\u00e1fica \u00abSan Mart\u00edn, la resilencia de una isla\u00bb, que cont\u00f3 con la presencia del Presidente de San Mart\u00edn, D. Daniel Gibbes y del Presidente de Canarias, D. Fernando Clavijo Batlle, entre otros. [&hellip;]<\/p>\n","protected":false},"author":45,"featured_media":4269,"comment_status":"open","ping_status":"open","sticky":false,"template":"","format":"standard","meta":{"_acf_changed":false,"footnotes":"","_links_to":"","_links_to_target":""},"categories":[231],"tags":[],"class_list":["post-4262","post","type-post","status-publish","format-standard","has-post-thumbnail","hentry","category-sin-categoria-es"],"acf":[],"_links":{"self":[{"href":"https:\/\/www.cp-rup.com\/es\/wp-json\/wp\/v2\/posts\/4262","targetHints":{"allow":["GET"]}}],"collection":[{"href":"https:\/\/www.cp-rup.com\/es\/wp-json\/wp\/v2\/posts"}],"about":[{"href":"https:\/\/www.cp-rup.com\/es\/wp-json\/wp\/v2\/types\/post"}],"author":[{"embeddable":true,"href":"https:\/\/www.cp-rup.com\/es\/wp-json\/wp\/v2\/users\/45"}],"replies":[{"embeddable":true,"href":"https:\/\/www.cp-rup.com\/es\/wp-json\/wp\/v2\/comments?post=4262"}],"version-history":[{"count":18,"href":"https:\/\/www.cp-rup.com\/es\/wp-json\/wp\/v2\/posts\/4262\/revisions"}],"predecessor-version":[{"id":6274,"href":"https:\/\/www.cp-rup.com\/es\/wp-json\/wp\/v2\/posts\/4262\/revisions\/6274"}],"wp:featuredmedia":[{"embeddable":true,"href":"https:\/\/www.cp-rup.com\/es\/wp-json\/wp\/v2\/media\/4269"}],"wp:attachment":[{"href":"https:\/\/www.cp-rup.com\/es\/wp-json\/wp\/v2\/media?parent=4262"}],"wp:term":[{"taxonomy":"category","embeddable":true,"href":"https:\/\/www.cp-rup.com\/es\/wp-json\/wp\/v2\/categories?post=4262"},{"taxonomy":"post_tag","embeddable":true,"href":"https:\/\/www.cp-rup.com\/es\/wp-json\/wp\/v2\/tags?post=4262"}],"curies":[{"name":"wp","href":"https:\/\/api.w.org\/{rel}","templated":true}]}}