{"id":5031,"date":"2020-07-14T12:25:32","date_gmt":"2020-07-14T12:25:32","guid":{"rendered":"https:\/\/cp-rup.com\/?p=5031"},"modified":"2021-03-29T11:38:21","modified_gmt":"2021-03-29T11:38:21","slug":"encuentro-de-la-conferencia-de-presidentes-de-las-regiones-ultraperifericas","status":"publish","type":"post","link":"https:\/\/www.cp-rup.com\/es\/encuentro-de-la-conferencia-de-presidentes-de-las-regiones-ultraperifericas\/","title":{"rendered":"Encuentro de la Conferencia de Presidentes de las Regiones Ultraperif\u00e9ricas"},"content":{"rendered":"<p>La Conferencia de Presidentes de las Regiones Ultraperif\u00e9ricas (CPRUP), cuya presidencia ostenta actualmente la regi\u00f3n francesa de Mayotte, organiza el pr\u00f3ximo 15 de julio de 2020 un encuentro virtual de sus Presidentes, con car\u00e1cter previo al Consejo Europeo, que tendr\u00e1 lugar los d\u00edas 17 y 18 de julio, en el que los Jefes de Estado o de Gobierno de la UE deber\u00edan llegar a un acuerdo sobre el plan de recuperaci\u00f3n de la UE y el presupuesto de la UE para el pr\u00f3ximo periodo de programaci\u00f3n.<\/p>\n<p>El objetivo de este encuentro pol\u00edtico es adoptar el posicionamiento conjunto de la CPRUP sobre la \u201cReactivaci\u00f3n y resiliencia de las Regiones Ultraperif\u00e9ricas tras la COVID-19\u201d. Como se anunci\u00f3 en su carta a las instituciones europeas, de 7 de abril de 2020, la Conferencia de Presidentes de las Regiones Ultraperif\u00e9ricas expone la realidad de las RUP frente a la crisis sanitaria, econ\u00f3mica y social derivada de la pandemia de la COVID-19. Este posicionamiento com\u00fan expone los retos que afrontan las RUP como consecuencia de su vulnerabilidad y sus demandas de cara a las medidas a adoptar para superarlos a corto y medio plazo. Para las RUP, este encuentro supone tambi\u00e9n una oportunidad para reiterar sus demandas, tal y como las expresaron el pasado mes de febrero con respecto al futuro Marco Financiero Plurianual, fundamentalmente, la necesidad de situar la pol\u00edtica de cohesi\u00f3n en el seno del futuro presupuesto de la UE.<\/p>\n<p>Asimismo, en el marco de dicho encuentro, la Conferencia de Presidentes de las RUP desea mantener intercambios con la Comisaria Europea de Cohesi\u00f3n y Reformas, Elisa Ferreira, y con el Presidente de la Comisi\u00f3n de Pol\u00edtica Regional del Parlamento Europeo, Younous Omarjee.<\/p>\n<p>Dicho encuentro marca un importante punto de la etapa presidencial de Mayotte en el marco de la CPRUP, que sit\u00faa la cuesti\u00f3n de la Ultraperiferia en el escenario de la recuperaci\u00f3n europea.<\/p>\n","protected":false},"excerpt":{"rendered":"<p>La Conferencia de Presidentes de las Regiones Ultraperif\u00e9ricas (CPRUP), cuya presidencia ostenta actualmente la regi\u00f3n francesa de Mayotte, organiza el pr\u00f3ximo 15 de julio de 2020 un encuentro virtual de sus Presidentes, con car\u00e1cter previo al Consejo Europeo, que tendr\u00e1 lugar los d\u00edas 17 y 18 de julio, en el que los Jefes de Estado [&hellip;]<\/p>\n","protected":false},"author":37,"featured_media":4984,"comment_status":"open","ping_status":"open","sticky":false,"template":"","format":"standard","meta":{"_acf_changed":false,"footnotes":"","_links_to":"","_links_to_target":""},"categories":[231],"tags":[],"class_list":["post-5031","post","type-post","status-publish","format-standard","has-post-thumbnail","hentry","category-sin-categoria-es"],"acf":[],"_links":{"self":[{"href":"https:\/\/www.cp-rup.com\/es\/wp-json\/wp\/v2\/posts\/5031","targetHints":{"allow":["GET"]}}],"collection":[{"href":"https:\/\/www.cp-rup.com\/es\/wp-json\/wp\/v2\/posts"}],"about":[{"href":"https:\/\/www.cp-rup.com\/es\/wp-json\/wp\/v2\/types\/post"}],"author":[{"embeddable":true,"href":"https:\/\/www.cp-rup.com\/es\/wp-json\/wp\/v2\/users\/37"}],"replies":[{"embeddable":true,"href":"https:\/\/www.cp-rup.com\/es\/wp-json\/wp\/v2\/comments?post=5031"}],"version-history":[{"count":7,"href":"https:\/\/www.cp-rup.com\/es\/wp-json\/wp\/v2\/posts\/5031\/revisions"}],"predecessor-version":[{"id":6154,"href":"https:\/\/www.cp-rup.com\/es\/wp-json\/wp\/v2\/posts\/5031\/revisions\/6154"}],"wp:featuredmedia":[{"embeddable":true,"href":"https:\/\/www.cp-rup.com\/es\/wp-json\/wp\/v2\/media\/4984"}],"wp:attachment":[{"href":"https:\/\/www.cp-rup.com\/es\/wp-json\/wp\/v2\/media?parent=5031"}],"wp:term":[{"taxonomy":"category","embeddable":true,"href":"https:\/\/www.cp-rup.com\/es\/wp-json\/wp\/v2\/categories?post=5031"},{"taxonomy":"post_tag","embeddable":true,"href":"https:\/\/www.cp-rup.com\/es\/wp-json\/wp\/v2\/tags?post=5031"}],"curies":[{"name":"wp","href":"https:\/\/api.w.org\/{rel}","templated":true}]}}