{"id":6146,"date":"2020-07-16T16:40:07","date_gmt":"2020-07-16T16:40:07","guid":{"rendered":"https:\/\/cp-rup.com\/?p=6146"},"modified":"2021-03-24T20:06:25","modified_gmt":"2021-03-24T20:06:25","slug":"comunicado-de-prensa","status":"publish","type":"post","link":"https:\/\/www.cp-rup.com\/es\/comunicado-de-prensa\/","title":{"rendered":"COMUNICADO DE PRENSA"},"content":{"rendered":"<p>En v\u00edsperas del Consejo Europeo, la Conferencia de Presidentes de las Regiones Ultraperif\u00e9ricas destaca la urgencia de lograr un ambicioso acuerdo global, que permita la aplicaci\u00f3n, el 1 de enero de 2021, del nuevo Marco Financiero Plurianual 2021-2027 y de los Programas Operativos, en un momento decisivo para el futuro de Europa y de sus ciudadanos.<\/p>\n<p>La Conferencia de Presidentes de las Regiones Ultraperif\u00e9ricas solicita un acuerdo que recoja las siguientes consideraciones:<\/p>\n<p>\u2022 Situar la pol\u00edtica de cohesi\u00f3n en el n\u00facleo del Marco Financiero Plurianual con un presupuesto m\u00e1s ambicioso, sin reducci\u00f3n alguna de la propuesta presentada por la Comisi\u00f3n Europea;<br \/>\n\u2022 Garantizar un tratamiento conjunto de las Regiones Ultraperif\u00e9ricas en la propuesta del nuevo Marco Financiero Plurianual y mantener la tasa hist\u00f3rica de cofinanciaci\u00f3n en el 85% para las RUP a fin de acompa\u00f1ar la recuperaci\u00f3n y garantizar la convergencia econ\u00f3mica, social y territorial de las Regiones Ultraperif\u00e9ricas;<br \/>\n\u2022 Reforzar las dotaciones presupuestarias para la pol\u00edtica agr\u00edcola com\u00fan, incluido el POSEI, para el cual debe garantizarse como m\u00ednimo el importe del periodo actual, y la pol\u00edtica pesquera com\u00fan<br \/>\n\u2022 Garantizar el car\u00e1cter adicional de la nueva dotaci\u00f3n de compensaci\u00f3n de sobrecostes del FSE+, que no podr\u00eda crearse mediante una simple redistribuci\u00f3n de la actual dotaci\u00f3n de compensaci\u00f3n des sobrecoses del FEDER;<br \/>\n\u2022 Aumentar la dotaci\u00f3n propuesta a 30 euros, con garant\u00eda de aplicaci\u00f3n a lo largo de todo el horizonte temporal del REACT-EU (2020-2022), a trav\u00e9s de un tratamiento conjunto para todas las Regiones Ultraperif\u00e9ricas, sin poner en cuesti\u00f3n la asignaci\u00f3n adicional prevista en los fondos estructurales, tal como se ha propuesto;<br \/>\n\u2022 Garantizar una prefinanciaci\u00f3n del 100% de los fondos estructurales, en el marco del REACT-EU, en las Regiones Ultraperif\u00e9ricas a fin de favorecer su reactivaci\u00f3n econ\u00f3mica habida cuenta de sus limitaciones presupuestarias como consecuencia de la crisis;<br \/>\n\u2022 Garantizar que se tenga en cuenta, en el reparto de las asignaciones nacionales del REACT EU, el importante impacto de la crisis en las Regiones Ultraperif\u00e9ricas;<br \/>\n\u2022 Poner en marcha el \u201cMecanismo de Recuperaci\u00f3n y Resiliencia\u201d, implicando a las RUP a trav\u00e9s de un enfoque territorial e incluyendo un cap\u00edtulo espec\u00edfico para nuestras regiones en el marco de los futuros planes nacionales, que deber\u00e1n elaborarse con ellas de forma coordinada;<br \/>\n\u2022 Facilitar las inversiones destinadas a reforzar la resiliencia de los sistemas sanitarios de estas regiones y dotarlos de los medios necesarios para hacer frente a nuevas crisis que pudieran producirse. Las Regiones Ultraperif\u00e9ricas deben poder beneficiarse plenamente del nuevo programa de la UE para la salud, as\u00ed como del programa RescUE;<br \/>\n\u2022 Asegurar la aplicaci\u00f3n de medidas reforzadas de control de pasajeros para las Regiones Ultraperif\u00e9ricas que lo soliciten, realizando tests en origen con el fin de encontrar un equilibrio entre seguridad sanitaria de la poblaci\u00f3n y de los visitantes, y una recuperaci\u00f3n econ\u00f3mica sin riesgos;<br \/>\n\u2022 Invertir para reducir el d\u00e9ficit de accesibilidad y la brecha digital en las Regiones Ultraperif\u00e9ricas a fin de mejorar el acceso de su poblaci\u00f3n, principalmente el de los m\u00e1s vulnerables, a las herramientas colaborativas;<br \/>\n\u2022 Adaptar los criterios de elegibilidad del Mecanismo para una transici\u00f3n justa para que no se centre \u00fanicamente en las regiones con grandes emisiones de carbono, de manera que la transici\u00f3n ecol\u00f3gica, a trav\u00e9s de la descarbonizaci\u00f3n de las econom\u00edas de las RUP se vea tambi\u00e9n plenamente respaldada, en l\u00ednea con la posici\u00f3n del Parlamento Europeo;<br \/>\n\u2022 Velar por que la futura tasa sobre las emisiones de CO2 no constituya un obst\u00e1culo adicional para la conectividad de las Regiones Ultraperif\u00e9ricas;<br \/>\n\u2022 Desarrollar las medidas espec\u00edficas para las RUP, en el paquete \u201cTurismo y Transportes\u201d, reconociendo su dependencia del transporte a\u00e9reo y mar\u00edtimo y la importancia del turismo para sus econom\u00edas.<\/p>\n<p>En este contexto determinante, la Conferencia de Presidentes de las Regiones Ultraperif\u00e9ricas est\u00e1 preparada para involucrarse en los trabajos de la pr\u00f3xima \u201cConferencia sobre el Futuro de Europa\u201d, que movilizar\u00e1 a los ciudadanos europeos y en cuyo seno se deber\u00e1 prestar una atenci\u00f3n especial a la Ultraperiferia.<\/p>\n","protected":false},"excerpt":{"rendered":"<p>En v\u00edsperas del Consejo Europeo, la Conferencia de Presidentes de las Regiones Ultraperif\u00e9ricas destaca la urgencia de lograr un ambicioso acuerdo global, que permita la aplicaci\u00f3n, el 1 de enero de 2021, del nuevo Marco Financiero Plurianual 2021-2027 y de los Programas Operativos, en un momento decisivo para el futuro de Europa y de sus [&hellip;]<\/p>\n","protected":false},"author":37,"featured_media":5051,"comment_status":"open","ping_status":"open","sticky":false,"template":"","format":"standard","meta":{"_acf_changed":false,"footnotes":"","_links_to":"","_links_to_target":""},"categories":[231],"tags":[],"class_list":["post-6146","post","type-post","status-publish","format-standard","has-post-thumbnail","hentry","category-sin-categoria-es"],"acf":[],"_links":{"self":[{"href":"https:\/\/www.cp-rup.com\/es\/wp-json\/wp\/v2\/posts\/6146","targetHints":{"allow":["GET"]}}],"collection":[{"href":"https:\/\/www.cp-rup.com\/es\/wp-json\/wp\/v2\/posts"}],"about":[{"href":"https:\/\/www.cp-rup.com\/es\/wp-json\/wp\/v2\/types\/post"}],"author":[{"embeddable":true,"href":"https:\/\/www.cp-rup.com\/es\/wp-json\/wp\/v2\/users\/37"}],"replies":[{"embeddable":true,"href":"https:\/\/www.cp-rup.com\/es\/wp-json\/wp\/v2\/comments?post=6146"}],"version-history":[{"count":1,"href":"https:\/\/www.cp-rup.com\/es\/wp-json\/wp\/v2\/posts\/6146\/revisions"}],"predecessor-version":[{"id":6147,"href":"https:\/\/www.cp-rup.com\/es\/wp-json\/wp\/v2\/posts\/6146\/revisions\/6147"}],"wp:featuredmedia":[{"embeddable":true,"href":"https:\/\/www.cp-rup.com\/es\/wp-json\/wp\/v2\/media\/5051"}],"wp:attachment":[{"href":"https:\/\/www.cp-rup.com\/es\/wp-json\/wp\/v2\/media?parent=6146"}],"wp:term":[{"taxonomy":"category","embeddable":true,"href":"https:\/\/www.cp-rup.com\/es\/wp-json\/wp\/v2\/categories?post=6146"},{"taxonomy":"post_tag","embeddable":true,"href":"https:\/\/www.cp-rup.com\/es\/wp-json\/wp\/v2\/tags?post=6146"}],"curies":[{"name":"wp","href":"https:\/\/api.w.org\/{rel}","templated":true}]}}