{"id":6164,"date":"2020-02-11T16:53:03","date_gmt":"2020-02-11T16:53:03","guid":{"rendered":"https:\/\/cp-rup.com\/?p=6164"},"modified":"2021-03-24T20:15:12","modified_gmt":"2021-03-24T20:15:12","slug":"xxiv-conferencia-de-presidentes-de-las-rup-traspaso-de-la-presidencia-al-consejo-departamental-de-mayotte","status":"publish","type":"post","link":"https:\/\/www.cp-rup.com\/es\/xxiv-conferencia-de-presidentes-de-las-rup-traspaso-de-la-presidencia-al-consejo-departamental-de-mayotte\/","title":{"rendered":"XXIV Conferencia de Presidentes de las RUP: Traspaso de la presidencia al Consejo departamental de Mayotte"},"content":{"rendered":"<p>La XXIV Conferencia de Presidentes de las RUP se ha celebrado en San Mart\u00edn del 5 al 8 de febrero de 2020, una cita importante que tiene lugar en un momento en el que las negociaciones sobre el pr\u00f3ximo Marco Financiero Plurianual (CFP) est\u00e1n entrando en las \u00faltimas fases.<\/p>\n<p><img loading=\"lazy\" decoding=\"async\" class=\"wp-image-4945 aligncenter\" src=\"https:\/\/cp-rup.com\/wp-content\/uploads\/2020\/02\/photo-2798610-300x184.jpg\" alt=\"\" width=\"451\" height=\"277\" srcset=\"https:\/\/www.cp-rup.com\/wp-content\/uploads\/2020\/02\/photo-2798610-300x184.jpg 300w, https:\/\/www.cp-rup.com\/wp-content\/uploads\/2020\/02\/photo-2798610-768x472.jpg 768w, https:\/\/www.cp-rup.com\/wp-content\/uploads\/2020\/02\/photo-2798610-1024x629.jpg 1024w, https:\/\/www.cp-rup.com\/wp-content\/uploads\/2020\/02\/photo-2798610.jpg 1280w\" sizes=\"auto, (max-width: 451px) 100vw, 451px\" \/><\/p>\n<p>&nbsp;<\/p>\n<p>Este encuentro reuni\u00f3 al conjunto de las RUP y de sus representantes, as\u00ed como a los de la Comisi\u00f3n Europea, Parlamento Europeo y Estados miembros. Las RUP adoptaron la Declaraci\u00f3n final de esta XXIV CPRUP, en la que recuerdan la necesaria aplicaci\u00f3n plena y completa del art\u00edculo 349 del TFUE en la actual reforma de las pol\u00edticas europeas post 2020, al objeto de garantizar la adopci\u00f3n de dispositivos reglamentarios y presupuestarios reforzados y adaptados a las RUP. Asimismo, reiteraron su compromiso de continuar los trabajos iniciados en estrecha colaboraci\u00f3n con las instituciones europeas, en el marco de una asociaci\u00f3n reforzada.<\/p>\n<p>La Conferencia concluy\u00f3 con el traspaso de la presidencia al Consejo departamental de Mayotte, regi\u00f3n que presidir\u00e1 la Conferencia a partir de ahora y hasta el 27 de noviembre de 2020.<\/p>\n<p>&nbsp;<\/p>\n<p><img loading=\"lazy\" decoding=\"async\" class=\"wp-image-4951 alignright\" src=\"https:\/\/cp-rup.com\/wp-content\/uploads\/2020\/02\/photo-2798940-300x200.jpg\" alt=\"\" width=\"448\" height=\"298\" srcset=\"https:\/\/www.cp-rup.com\/wp-content\/uploads\/2020\/02\/photo-2798940-300x200.jpg 300w, https:\/\/www.cp-rup.com\/wp-content\/uploads\/2020\/02\/photo-2798940-768x512.jpg 768w, https:\/\/www.cp-rup.com\/wp-content\/uploads\/2020\/02\/photo-2798940-1024x683.jpg 1024w\" sizes=\"auto, (max-width: 448px) 100vw, 448px\" \/><\/p>\n<p>&nbsp;<\/p>\n<p><img loading=\"lazy\" decoding=\"async\" class=\"alignnone\" src=\"https:\/\/cp-rup.com\/wp-content\/uploads\/2020\/02\/photo-2799369-300x236.jpg\" width=\"428\" height=\"337\" \/><\/p>\n<p>La Declaraci\u00f3n final se encuentra disponible en nuestra biblioteca.<img loading=\"lazy\" decoding=\"async\" class=\"wp-image-4947 alignright\" src=\"https:\/\/cp-rup.com\/wp-content\/uploads\/2020\/02\/photo-2799376-300x184.jpg\" alt=\"\" width=\"443\" height=\"271\" srcset=\"https:\/\/www.cp-rup.com\/wp-content\/uploads\/2020\/02\/photo-2799376-300x184.jpg 300w, https:\/\/www.cp-rup.com\/wp-content\/uploads\/2020\/02\/photo-2799376-768x471.jpg 768w, https:\/\/www.cp-rup.com\/wp-content\/uploads\/2020\/02\/photo-2799376-1024x628.jpg 1024w\" sizes=\"auto, (max-width: 443px) 100vw, 443px\" \/><\/p>\n","protected":false},"excerpt":{"rendered":"<p>La XXIV Conferencia de Presidentes de las RUP se ha celebrado en San Mart\u00edn del 5 al 8 de febrero de 2020, una cita importante que tiene lugar en un momento en el que las negociaciones sobre el pr\u00f3ximo Marco Financiero Plurianual (CFP) est\u00e1n entrando en las \u00faltimas fases. &nbsp; Este encuentro reuni\u00f3 al conjunto [&hellip;]<\/p>\n","protected":false},"author":37,"featured_media":4944,"comment_status":"open","ping_status":"open","sticky":false,"template":"","format":"standard","meta":{"_acf_changed":false,"footnotes":"","_links_to":"","_links_to_target":""},"categories":[231],"tags":[],"class_list":["post-6164","post","type-post","status-publish","format-standard","has-post-thumbnail","hentry","category-sin-categoria-es"],"acf":[],"_links":{"self":[{"href":"https:\/\/www.cp-rup.com\/es\/wp-json\/wp\/v2\/posts\/6164","targetHints":{"allow":["GET"]}}],"collection":[{"href":"https:\/\/www.cp-rup.com\/es\/wp-json\/wp\/v2\/posts"}],"about":[{"href":"https:\/\/www.cp-rup.com\/es\/wp-json\/wp\/v2\/types\/post"}],"author":[{"embeddable":true,"href":"https:\/\/www.cp-rup.com\/es\/wp-json\/wp\/v2\/users\/37"}],"replies":[{"embeddable":true,"href":"https:\/\/www.cp-rup.com\/es\/wp-json\/wp\/v2\/comments?post=6164"}],"version-history":[{"count":1,"href":"https:\/\/www.cp-rup.com\/es\/wp-json\/wp\/v2\/posts\/6164\/revisions"}],"predecessor-version":[{"id":6165,"href":"https:\/\/www.cp-rup.com\/es\/wp-json\/wp\/v2\/posts\/6164\/revisions\/6165"}],"wp:featuredmedia":[{"embeddable":true,"href":"https:\/\/www.cp-rup.com\/es\/wp-json\/wp\/v2\/media\/4944"}],"wp:attachment":[{"href":"https:\/\/www.cp-rup.com\/es\/wp-json\/wp\/v2\/media?parent=6164"}],"wp:term":[{"taxonomy":"category","embeddable":true,"href":"https:\/\/www.cp-rup.com\/es\/wp-json\/wp\/v2\/categories?post=6164"},{"taxonomy":"post_tag","embeddable":true,"href":"https:\/\/www.cp-rup.com\/es\/wp-json\/wp\/v2\/tags?post=6164"}],"curies":[{"name":"wp","href":"https:\/\/api.w.org\/{rel}","templated":true}]}}