{"id":6171,"date":"2020-01-03T16:55:41","date_gmt":"2020-01-03T16:55:41","guid":{"rendered":"https:\/\/cp-rup.com\/?p=6171"},"modified":"2021-03-24T20:13:19","modified_gmt":"2021-03-24T20:13:19","slug":"la-xxiv-conferencia-de-presidentes-de-las-regiones-ultraperifericas-en-san-martin","status":"publish","type":"post","link":"https:\/\/www.cp-rup.com\/es\/la-xxiv-conferencia-de-presidentes-de-las-regiones-ultraperifericas-en-san-martin\/","title":{"rendered":"La XXIV Conferencia de Presidentes de las Regiones Ultraperif\u00e9ricas en San Mart\u00edn"},"content":{"rendered":"<p>La XXIV Conferencia de Presidentes de las Regiones Ultraperif\u00e9ricas se celebrar\u00e1 en San Mart\u00edn del 5 al 8 de febrero de 2020. Este acontecimiento marcar\u00e1 el final de la presidencia de la Colectividad de San Mart\u00edn, que comenz\u00f3 en noviembre de 2018 y dar\u00e1 lugar al inicio de la presidencia de Mayotte.<\/p>\n<p>Esta Conferencia representa, adem\u00e1s, un acontecimiento importante para el di\u00e1logo y el intercambio con nuestros socios europeos y nuestros Estados, especialmente, en esta etapa de renovaci\u00f3n institucional y de negociaciones de cara al periodo post 2020.<\/p>\n","protected":false},"excerpt":{"rendered":"<p>La XXIV Conferencia de Presidentes de las Regiones Ultraperif\u00e9ricas se celebrar\u00e1 en San Mart\u00edn del 5 al 8 de febrero de 2020. Este acontecimiento marcar\u00e1 el final de la presidencia de la Colectividad de San Mart\u00edn, que comenz\u00f3 en noviembre de 2018 y dar\u00e1 lugar al inicio de la presidencia de Mayotte. Esta Conferencia representa, [&hellip;]<\/p>\n","protected":false},"author":37,"featured_media":4535,"comment_status":"open","ping_status":"open","sticky":false,"template":"","format":"standard","meta":{"_acf_changed":false,"footnotes":"","_links_to":"","_links_to_target":""},"categories":[231],"tags":[],"class_list":["post-6171","post","type-post","status-publish","format-standard","has-post-thumbnail","hentry","category-sin-categoria-es"],"acf":[],"_links":{"self":[{"href":"https:\/\/www.cp-rup.com\/es\/wp-json\/wp\/v2\/posts\/6171","targetHints":{"allow":["GET"]}}],"collection":[{"href":"https:\/\/www.cp-rup.com\/es\/wp-json\/wp\/v2\/posts"}],"about":[{"href":"https:\/\/www.cp-rup.com\/es\/wp-json\/wp\/v2\/types\/post"}],"author":[{"embeddable":true,"href":"https:\/\/www.cp-rup.com\/es\/wp-json\/wp\/v2\/users\/37"}],"replies":[{"embeddable":true,"href":"https:\/\/www.cp-rup.com\/es\/wp-json\/wp\/v2\/comments?post=6171"}],"version-history":[{"count":1,"href":"https:\/\/www.cp-rup.com\/es\/wp-json\/wp\/v2\/posts\/6171\/revisions"}],"predecessor-version":[{"id":6172,"href":"https:\/\/www.cp-rup.com\/es\/wp-json\/wp\/v2\/posts\/6171\/revisions\/6172"}],"wp:featuredmedia":[{"embeddable":true,"href":"https:\/\/www.cp-rup.com\/es\/wp-json\/wp\/v2\/media\/4535"}],"wp:attachment":[{"href":"https:\/\/www.cp-rup.com\/es\/wp-json\/wp\/v2\/media?parent=6171"}],"wp:term":[{"taxonomy":"category","embeddable":true,"href":"https:\/\/www.cp-rup.com\/es\/wp-json\/wp\/v2\/categories?post=6171"},{"taxonomy":"post_tag","embeddable":true,"href":"https:\/\/www.cp-rup.com\/es\/wp-json\/wp\/v2\/tags?post=6171"}],"curies":[{"name":"wp","href":"https:\/\/api.w.org\/{rel}","templated":true}]}}