{"id":6184,"date":"2019-11-19T11:59:08","date_gmt":"2019-11-19T11:59:08","guid":{"rendered":"https:\/\/cp-rup.com\/?p=6184"},"modified":"2021-03-24T20:21:35","modified_gmt":"2021-03-24T20:21:35","slug":"reunion-intermedia-de-los-presidentes-de-las-rup-y-encuentro-con-la-presidencia-del-consejo","status":"publish","type":"post","link":"https:\/\/www.cp-rup.com\/es\/reunion-intermedia-de-los-presidentes-de-las-rup-y-encuentro-con-la-presidencia-del-consejo\/","title":{"rendered":"Reuni\u00f3n intermedia de los presidentes de las RUP y encuentro con la Presidencia del Consejo"},"content":{"rendered":"<header class=\"entry-header\">\n<h1 class=\"entry-title\"><img loading=\"lazy\" decoding=\"async\" class=\"size-medium wp-image-4834 alignleft\" src=\"https:\/\/cp-rup.com\/wp-content\/uploads\/2019\/11\/453E06F7-8E1D-4293-BA0E-1D80FC0A3870-300x225.jpeg\" alt=\"\" width=\"300\" height=\"225\" srcset=\"https:\/\/www.cp-rup.com\/wp-content\/uploads\/2019\/11\/453E06F7-8E1D-4293-BA0E-1D80FC0A3870-300x225.jpeg 300w, https:\/\/www.cp-rup.com\/wp-content\/uploads\/2019\/11\/453E06F7-8E1D-4293-BA0E-1D80FC0A3870-768x576.jpeg 768w, https:\/\/www.cp-rup.com\/wp-content\/uploads\/2019\/11\/453E06F7-8E1D-4293-BA0E-1D80FC0A3870-1024x768.jpeg 1024w, https:\/\/www.cp-rup.com\/wp-content\/uploads\/2019\/11\/453E06F7-8E1D-4293-BA0E-1D80FC0A3870.jpeg 1280w\" sizes=\"auto, (max-width: 300px) 100vw, 300px\" \/><\/h1>\n<\/header>\n<div class=\"entry-content\">\n<p>Los presidentes de las Regiones Ultraperif\u00e9ricas y sus representantes se reunieron este lunes 18 de noviembre en Bruselas, con la presidencia finlandesa del Consejo de la Uni\u00f3n Europea, al objeto de trasladarle los retos a los que se enfrentan las RUP en el marco de las actuales negociaciones relativas al futuro Marco Financiero Plurianual.<\/p>\n<p>Durante este encuentro, se pudieron poner de manifiesto, adem\u00e1s de nuestras singularidades y nuestros desaf\u00edos socioecon\u00f3micos, las potencialidades que nuestras regiones ofrecen a la UE, as\u00ed como la necesidad de adoptar un presupuesto ambicioso de cara al pr\u00f3ximo periodo de programaci\u00f3n, que vaya acompa\u00f1ado de medidas adaptadas y permita responder a estos retos y aprovechar mejor nuestras potencialidades.<\/p>\n<p><img loading=\"lazy\" decoding=\"async\" class=\"size-medium wp-image-4832 alignright\" src=\"https:\/\/cp-rup.com\/wp-content\/uploads\/2019\/11\/5DD325CC-E44D-4657-B113-02214554BFE3-300x225.jpeg\" alt=\"\" width=\"300\" height=\"225\" srcset=\"https:\/\/www.cp-rup.com\/wp-content\/uploads\/2019\/11\/5DD325CC-E44D-4657-B113-02214554BFE3-300x225.jpeg 300w, https:\/\/www.cp-rup.com\/wp-content\/uploads\/2019\/11\/5DD325CC-E44D-4657-B113-02214554BFE3-768x576.jpeg 768w, https:\/\/www.cp-rup.com\/wp-content\/uploads\/2019\/11\/5DD325CC-E44D-4657-B113-02214554BFE3-1024x768.jpeg 1024w, https:\/\/www.cp-rup.com\/wp-content\/uploads\/2019\/11\/5DD325CC-E44D-4657-B113-02214554BFE3.jpeg 1280w\" sizes=\"auto, (max-width: 300px) 100vw, 300px\" \/><\/p>\n<p>Seguidamente, los presidentes y sus representantes prosiguieron las Conversaciones sobre la labor\u00a0de la Conferencia. Durante esta reuni\u00f3n, los presidentes analizaron las presentes negociaciones sobre el Marco Financiero Plurianual 2021-2027 y adoptaron una Declaraci\u00f3n pol\u00edtica conjunta, que podr\u00e1 consultarse en nuestra biblioteca. Asimismo, se abord\u00f3 la cooperaci\u00f3n territorial europea post 2020 y la Declaraci\u00f3n final de la XXIV Conferencia de Presidentes de las RUP, que se celebrar\u00e1 los pr\u00f3ximos 6 y 7 de febrero de 2020 en San Mart\u00edn.<\/p>\n<p><img loading=\"lazy\" decoding=\"async\" class=\"size-medium wp-image-4830 alignnone\" src=\"https:\/\/cp-rup.com\/wp-content\/uploads\/2019\/11\/thumbnail_JUL00583-300x200.jpg\" alt=\"\" width=\"300\" height=\"200\" srcset=\"https:\/\/www.cp-rup.com\/wp-content\/uploads\/2019\/11\/thumbnail_JUL00583-300x200.jpg 300w, https:\/\/www.cp-rup.com\/wp-content\/uploads\/2019\/11\/thumbnail_JUL00583.jpg 375w\" sizes=\"auto, (max-width: 300px) 100vw, 300px\" \/><\/p>\n<p>&nbsp;<\/p>\n<\/div>\n","protected":false},"excerpt":{"rendered":"<p>Los presidentes de las Regiones Ultraperif\u00e9ricas y sus representantes se reunieron este lunes 18 de noviembre en Bruselas, con la presidencia finlandesa del Consejo de la Uni\u00f3n Europea, al objeto de trasladarle los retos a los que se enfrentan las RUP en el marco de las actuales negociaciones relativas al futuro Marco Financiero Plurianual. Durante [&hellip;]<\/p>\n","protected":false},"author":37,"featured_media":4833,"comment_status":"open","ping_status":"open","sticky":false,"template":"","format":"standard","meta":{"_acf_changed":false,"footnotes":"","_links_to":"","_links_to_target":""},"categories":[231],"tags":[],"class_list":["post-6184","post","type-post","status-publish","format-standard","has-post-thumbnail","hentry","category-sin-categoria-es"],"acf":[],"_links":{"self":[{"href":"https:\/\/www.cp-rup.com\/es\/wp-json\/wp\/v2\/posts\/6184","targetHints":{"allow":["GET"]}}],"collection":[{"href":"https:\/\/www.cp-rup.com\/es\/wp-json\/wp\/v2\/posts"}],"about":[{"href":"https:\/\/www.cp-rup.com\/es\/wp-json\/wp\/v2\/types\/post"}],"author":[{"embeddable":true,"href":"https:\/\/www.cp-rup.com\/es\/wp-json\/wp\/v2\/users\/37"}],"replies":[{"embeddable":true,"href":"https:\/\/www.cp-rup.com\/es\/wp-json\/wp\/v2\/comments?post=6184"}],"version-history":[{"count":2,"href":"https:\/\/www.cp-rup.com\/es\/wp-json\/wp\/v2\/posts\/6184\/revisions"}],"predecessor-version":[{"id":6555,"href":"https:\/\/www.cp-rup.com\/es\/wp-json\/wp\/v2\/posts\/6184\/revisions\/6555"}],"wp:featuredmedia":[{"embeddable":true,"href":"https:\/\/www.cp-rup.com\/es\/wp-json\/wp\/v2\/media\/4833"}],"wp:attachment":[{"href":"https:\/\/www.cp-rup.com\/es\/wp-json\/wp\/v2\/media?parent=6184"}],"wp:term":[{"taxonomy":"category","embeddable":true,"href":"https:\/\/www.cp-rup.com\/es\/wp-json\/wp\/v2\/categories?post=6184"},{"taxonomy":"post_tag","embeddable":true,"href":"https:\/\/www.cp-rup.com\/es\/wp-json\/wp\/v2\/tags?post=6184"}],"curies":[{"name":"wp","href":"https:\/\/api.w.org\/{rel}","templated":true}]}}