{"id":6198,"date":"2019-10-14T13:08:16","date_gmt":"2019-10-14T13:08:16","guid":{"rendered":"https:\/\/cp-rup.com\/?p=6198"},"modified":"2021-03-24T20:25:43","modified_gmt":"2021-03-24T20:25:43","slug":"participacion-de-las-rup-en-la-regio-week-en-bruselas","status":"publish","type":"post","link":"https:\/\/www.cp-rup.com\/es\/participacion-de-las-rup-en-la-regio-week-en-bruselas\/","title":{"rendered":"Participaci\u00f3n de las RUP en la REGIO Week en Bruselas."},"content":{"rendered":"<p><img loading=\"lazy\" decoding=\"async\" class=\"size-full wp-image-4685 alignright\" src=\"https:\/\/cp-rup.com\/wp-content\/uploads\/2019\/10\/REGIO-WEEK-5.jpg\" alt=\"\" width=\"319\" height=\"213\" srcset=\"https:\/\/www.cp-rup.com\/wp-content\/uploads\/2019\/10\/REGIO-WEEK-5.jpg 319w, https:\/\/www.cp-rup.com\/wp-content\/uploads\/2019\/10\/REGIO-WEEK-5-300x200.jpg 300w\" sizes=\"auto, (max-width: 319px) 100vw, 319px\" \/>La REGIO Week es un importante evento dedicado a las regiones y a las ciudades europeas. Como parte del comienzo de esta semana, las RUP participaron en una degustaci\u00f3n regional en la que numerosos participantes pudieron descubrir los diferentes productos locales de sus regiones.<\/p>\n<p><img loading=\"lazy\" decoding=\"async\" class=\" wp-image-4686 alignleft\" src=\"https:\/\/cp-rup.com\/wp-content\/uploads\/2019\/10\/REGIO-WEEK-1--1024x684.jpg\" alt=\"\" width=\"398\" height=\"266\" srcset=\"https:\/\/www.cp-rup.com\/wp-content\/uploads\/2019\/10\/REGIO-WEEK-1--1024x684.jpg 1024w, https:\/\/www.cp-rup.com\/wp-content\/uploads\/2019\/10\/REGIO-WEEK-1--300x200.jpg 300w, https:\/\/www.cp-rup.com\/wp-content\/uploads\/2019\/10\/REGIO-WEEK-1--768x513.jpg 768w, https:\/\/www.cp-rup.com\/wp-content\/uploads\/2019\/10\/REGIO-WEEK-1-.jpg 2048w\" sizes=\"auto, (max-width: 398px) 100vw, 398px\" \/><\/p>\n<p>&nbsp;<\/p>\n<p>&nbsp;<\/p>\n<p>&nbsp;<\/p>\n<p>Posteriormente, el miercoles 9 de octubre se celebr\u00f3 un taller sobre las cadenas de valor en las RUP en materia de innovaci\u00f3n, organizado por la Conferencia conjuntamente con la Comisi\u00f3n Europea (Unidad RUP-DG REGIO). Este taller permiti\u00f3 compartir buenas pr\u00e1cticas y experiencias en cooperaci\u00f3n interregional, y debatir sobre las oportunidades que ofrecen los futuros programas europeos, como el programa Horizonte Europa y las inversiones interregionales en materia de innovaci\u00f3n, conocido con el nombre de Componente 5, con el fin de desarrollar dichas cadenas de valor.<\/p>\n<p>&nbsp;<\/p>\n","protected":false},"excerpt":{"rendered":"<p>La REGIO Week es un importante evento dedicado a las regiones y a las ciudades europeas. Como parte del comienzo de esta semana, las RUP participaron en una degustaci\u00f3n regional en la que numerosos participantes pudieron descubrir los diferentes productos locales de sus regiones. &nbsp; &nbsp; &nbsp; Posteriormente, el miercoles 9 de octubre se celebr\u00f3 [&hellip;]<\/p>\n","protected":false},"author":37,"featured_media":4683,"comment_status":"open","ping_status":"open","sticky":false,"template":"","format":"standard","meta":{"_acf_changed":false,"footnotes":"","_links_to":"","_links_to_target":""},"categories":[231],"tags":[],"class_list":["post-6198","post","type-post","status-publish","format-standard","has-post-thumbnail","hentry","category-sin-categoria-es"],"acf":[],"_links":{"self":[{"href":"https:\/\/www.cp-rup.com\/es\/wp-json\/wp\/v2\/posts\/6198","targetHints":{"allow":["GET"]}}],"collection":[{"href":"https:\/\/www.cp-rup.com\/es\/wp-json\/wp\/v2\/posts"}],"about":[{"href":"https:\/\/www.cp-rup.com\/es\/wp-json\/wp\/v2\/types\/post"}],"author":[{"embeddable":true,"href":"https:\/\/www.cp-rup.com\/es\/wp-json\/wp\/v2\/users\/37"}],"replies":[{"embeddable":true,"href":"https:\/\/www.cp-rup.com\/es\/wp-json\/wp\/v2\/comments?post=6198"}],"version-history":[{"count":1,"href":"https:\/\/www.cp-rup.com\/es\/wp-json\/wp\/v2\/posts\/6198\/revisions"}],"predecessor-version":[{"id":6199,"href":"https:\/\/www.cp-rup.com\/es\/wp-json\/wp\/v2\/posts\/6198\/revisions\/6199"}],"wp:featuredmedia":[{"embeddable":true,"href":"https:\/\/www.cp-rup.com\/es\/wp-json\/wp\/v2\/media\/4683"}],"wp:attachment":[{"href":"https:\/\/www.cp-rup.com\/es\/wp-json\/wp\/v2\/media?parent=6198"}],"wp:term":[{"taxonomy":"category","embeddable":true,"href":"https:\/\/www.cp-rup.com\/es\/wp-json\/wp\/v2\/categories?post=6198"},{"taxonomy":"post_tag","embeddable":true,"href":"https:\/\/www.cp-rup.com\/es\/wp-json\/wp\/v2\/tags?post=6198"}],"curies":[{"name":"wp","href":"https:\/\/api.w.org\/{rel}","templated":true}]}}