{"id":6205,"date":"2019-08-28T15:11:20","date_gmt":"2019-08-28T15:11:20","guid":{"rendered":"https:\/\/cp-rup.com\/?p=6205"},"modified":"2021-03-25T12:51:54","modified_gmt":"2021-03-25T12:51:54","slug":"regio-week-las-inscripciones-se-encuentran-abiertas","status":"publish","type":"post","link":"https:\/\/www.cp-rup.com\/es\/regio-week-las-inscripciones-se-encuentran-abiertas\/","title":{"rendered":"Regio week: Las inscripciones se encuentran abiertas"},"content":{"rendered":"<p>La Semana Europea de Regiones y Ciudades es un evento anual de cuatro d\u00edas que sirve como plataforma para que las ciudades y regiones debatan e intercambien perspectivas, sobre el desarrollo regional y sobre una gran variedad de temas. Tendr\u00e1 lugar en Bruselas desde 7 al 10 de octubre.<\/p>\n<p>&nbsp;<\/p>\n<p>Este a\u00f1o, la Regio Week se centrar\u00e1 en los siguientes asuntos:<\/p>\n<ul>\n<li>El futuro de la UE y el papel de las regiones y ciudades<\/li>\n<li>Una Europa m\u00e1s cercana a los ciudadanos<\/li>\n<li>Una Europa m\u00e1s verde<\/li>\n<li>Una Europa m\u00e1s inteligente<\/li>\n<li>Una Europa mejor conectada, con m\u00e1s movilidad<\/li>\n<li>Una Europa m\u00e1s integrada socialmente<\/li>\n<\/ul>\n<p>Como parte de la Regio Week y en colaboraci\u00f3n con la Comisi\u00f3n Europea (DG Regio) se har\u00e1 un taller en innovaci\u00f3n de las cadenas de valor para las regiones ultraperif\u00e9ricas, que tendr\u00e1 lugar el 9 de octubre desde las 16:30 hasta las 18:30.<\/p>\n<p>Para participar, les invitamos a que se registren en el siguiente v\u00ednculo:<\/p>\n<p><a href=\"https:\/\/europa.eu\/regions-and-cities\/programme\/sessions\/579_en\">https:\/\/europa.eu\/regions-and-cities\/programme\/sessions\/579_en<\/a><\/p>\n<p>El plazo se cierra el <strong><u>27 de septiembre<\/u><\/strong><u>. <\/u><\/p>\n","protected":false},"excerpt":{"rendered":"<p>La Semana Europea de Regiones y Ciudades es un evento anual de cuatro d\u00edas que sirve como plataforma para que las ciudades y regiones debatan e intercambien perspectivas, sobre el desarrollo regional y sobre una gran variedad de temas. Tendr\u00e1 lugar en Bruselas desde 7 al 10 de octubre. &nbsp; Este a\u00f1o, la Regio Week [&hellip;]<\/p>\n","protected":false},"author":37,"featured_media":4593,"comment_status":"open","ping_status":"open","sticky":false,"template":"","format":"standard","meta":{"_acf_changed":false,"footnotes":"","_links_to":"","_links_to_target":""},"categories":[231],"tags":[],"class_list":["post-6205","post","type-post","status-publish","format-standard","has-post-thumbnail","hentry","category-sin-categoria-es"],"acf":[],"_links":{"self":[{"href":"https:\/\/www.cp-rup.com\/es\/wp-json\/wp\/v2\/posts\/6205","targetHints":{"allow":["GET"]}}],"collection":[{"href":"https:\/\/www.cp-rup.com\/es\/wp-json\/wp\/v2\/posts"}],"about":[{"href":"https:\/\/www.cp-rup.com\/es\/wp-json\/wp\/v2\/types\/post"}],"author":[{"embeddable":true,"href":"https:\/\/www.cp-rup.com\/es\/wp-json\/wp\/v2\/users\/37"}],"replies":[{"embeddable":true,"href":"https:\/\/www.cp-rup.com\/es\/wp-json\/wp\/v2\/comments?post=6205"}],"version-history":[{"count":1,"href":"https:\/\/www.cp-rup.com\/es\/wp-json\/wp\/v2\/posts\/6205\/revisions"}],"predecessor-version":[{"id":6206,"href":"https:\/\/www.cp-rup.com\/es\/wp-json\/wp\/v2\/posts\/6205\/revisions\/6206"}],"wp:featuredmedia":[{"embeddable":true,"href":"https:\/\/www.cp-rup.com\/es\/wp-json\/wp\/v2\/media\/4593"}],"wp:attachment":[{"href":"https:\/\/www.cp-rup.com\/es\/wp-json\/wp\/v2\/media?parent=6205"}],"wp:term":[{"taxonomy":"category","embeddable":true,"href":"https:\/\/www.cp-rup.com\/es\/wp-json\/wp\/v2\/categories?post=6205"},{"taxonomy":"post_tag","embeddable":true,"href":"https:\/\/www.cp-rup.com\/es\/wp-json\/wp\/v2\/tags?post=6205"}],"curies":[{"name":"wp","href":"https:\/\/api.w.org\/{rel}","templated":true}]}}