{"id":6242,"date":"2019-06-20T14:22:34","date_gmt":"2019-06-20T14:22:34","guid":{"rendered":"https:\/\/cp-rup.com\/?p=6242"},"modified":"2021-03-25T11:25:05","modified_gmt":"2021-03-25T11:25:05","slug":"la-conferencia-de-presidentes-rup-y-su-red-rup-energia-presentes-en-bruselas-para-la-semana-europea-de-energia-sostenible","status":"publish","type":"post","link":"https:\/\/www.cp-rup.com\/es\/la-conferencia-de-presidentes-rup-y-su-red-rup-energia-presentes-en-bruselas-para-la-semana-europea-de-energia-sostenible\/","title":{"rendered":"La Conferencia de Presidentes RUP y su red RUP energ\u00eda presentes en Bruselas para la semana europea de energ\u00eda sostenible."},"content":{"rendered":"<p>&nbsp;<\/p>\n<p>Las RUP participaron en la semana europea de energ\u00eda sostenible, que se organiz\u00f3 entre el 17 y el 21 de junio en la capital europea.<\/p>\n<p><img loading=\"lazy\" decoding=\"async\" class=\"size-medium wp-image-4499 alignleft\" src=\"https:\/\/cp-rup.com\/wp-content\/uploads\/2019\/06\/17-21-JUIN-LABORDE-DISCOURS-300x225.jpeg\" alt=\"\" width=\"300\" height=\"225\" srcset=\"https:\/\/www.cp-rup.com\/wp-content\/uploads\/2019\/06\/17-21-JUIN-LABORDE-DISCOURS-300x225.jpeg 300w, https:\/\/www.cp-rup.com\/wp-content\/uploads\/2019\/06\/17-21-JUIN-LABORDE-DISCOURS-768x576.jpeg 768w, https:\/\/www.cp-rup.com\/wp-content\/uploads\/2019\/06\/17-21-JUIN-LABORDE-DISCOURS-1024x768.jpeg 1024w\" sizes=\"auto, (max-width: 300px) 100vw, 300px\" \/>\u00a0Las RUP, representadas por el Presidente de la Conferencia y el jefe de fila de la Red RUP energ\u00eda, participaron en el \u00abTaller de la iniciativa para una energ\u00eda limpia para las islas UE\u00bb \u201c<em>Clean energy for EU islands initiave: progress and future prospects<\/em>\u201d.<\/p>\n<p>La Sra. Ailx-Laborde, consejera territorial de Asuntos Medioambientales de la Colectividad de San Mart\u00edn, as\u00ed como el Sr.\u00a0Piernavieja, viceconsejero de Industria, Energ\u00eda y Comercio del Gobierno de Canarias, recordaron durante esta sesi\u00f3n que la transici\u00f3n energ\u00e9tica de las RUP constituye una importante voluntad pol\u00edtica de nuestras regiones que, en su conjunto, engloban una poblaci\u00f3n de casi 4,8 millones de habitantes.<\/p>\n<p><img loading=\"lazy\" decoding=\"async\" class=\"size-medium wp-image-4498 alignright\" src=\"https:\/\/cp-rup.com\/wp-content\/uploads\/2019\/06\/17-21-JUIN-19-300x146.jpeg\" alt=\"\" width=\"300\" height=\"146\" srcset=\"https:\/\/www.cp-rup.com\/wp-content\/uploads\/2019\/06\/17-21-JUIN-19-300x146.jpeg 300w, https:\/\/www.cp-rup.com\/wp-content\/uploads\/2019\/06\/17-21-JUIN-19-768x373.jpeg 768w, https:\/\/www.cp-rup.com\/wp-content\/uploads\/2019\/06\/17-21-JUIN-19-1024x498.jpeg 1024w, https:\/\/www.cp-rup.com\/wp-content\/uploads\/2019\/06\/17-21-JUIN-19.jpeg 1920w\" sizes=\"auto, (max-width: 300px) 100vw, 300px\" \/>Se presentaron los objetivos y las actividades de la Red RUP energ\u00eda, as\u00ed como los diferentes proyectos llevados a cabo en las RUP. Se reiter\u00f3 el compromiso de las RUP\u00a0para contribuir, de manera significativa y activa, en esta iniciativa para las islas de la UE\u00a0y reforzar la dimensi\u00f3n RUP en el futuro.<\/p>\n<p>Como recuerda el Memor\u00e1ndum conjunto de las RUP, es esencial tener en cuenta la situaci\u00f3n particular de nuestras regiones a trav\u00e9s de los instrumentos y programas dedicados y adaptados a sus particularidades, con objeto de mantener su autonom\u00eda y la diversificaci\u00f3n de su combinaci\u00f3n energ\u00e9tica.<\/p>\n<p>Al margen de la semana europea de la energ\u00eda sostenible, la Red RUP se reuni\u00f3 para proseguir su trabajo. Se organizaron reuniones con el secretariado de la iniciativa, la DG Competencia y la DG Energ\u00eda (Comisi\u00f3n Europea).<\/p>\n","protected":false},"excerpt":{"rendered":"<p>&nbsp; Las RUP participaron en la semana europea de energ\u00eda sostenible, que se organiz\u00f3 entre el 17 y el 21 de junio en la capital europea. \u00a0Las RUP, representadas por el Presidente de la Conferencia y el jefe de fila de la Red RUP energ\u00eda, participaron en el \u00abTaller de la iniciativa para una energ\u00eda [&hellip;]<\/p>\n","protected":false},"author":37,"featured_media":4500,"comment_status":"open","ping_status":"open","sticky":false,"template":"","format":"standard","meta":{"_acf_changed":false,"footnotes":"","_links_to":"","_links_to_target":""},"categories":[231],"tags":[],"class_list":["post-6242","post","type-post","status-publish","format-standard","has-post-thumbnail","hentry","category-sin-categoria-es"],"acf":[],"_links":{"self":[{"href":"https:\/\/www.cp-rup.com\/es\/wp-json\/wp\/v2\/posts\/6242","targetHints":{"allow":["GET"]}}],"collection":[{"href":"https:\/\/www.cp-rup.com\/es\/wp-json\/wp\/v2\/posts"}],"about":[{"href":"https:\/\/www.cp-rup.com\/es\/wp-json\/wp\/v2\/types\/post"}],"author":[{"embeddable":true,"href":"https:\/\/www.cp-rup.com\/es\/wp-json\/wp\/v2\/users\/37"}],"replies":[{"embeddable":true,"href":"https:\/\/www.cp-rup.com\/es\/wp-json\/wp\/v2\/comments?post=6242"}],"version-history":[{"count":1,"href":"https:\/\/www.cp-rup.com\/es\/wp-json\/wp\/v2\/posts\/6242\/revisions"}],"predecessor-version":[{"id":6243,"href":"https:\/\/www.cp-rup.com\/es\/wp-json\/wp\/v2\/posts\/6242\/revisions\/6243"}],"wp:featuredmedia":[{"embeddable":true,"href":"https:\/\/www.cp-rup.com\/es\/wp-json\/wp\/v2\/media\/4500"}],"wp:attachment":[{"href":"https:\/\/www.cp-rup.com\/es\/wp-json\/wp\/v2\/media?parent=6242"}],"wp:term":[{"taxonomy":"category","embeddable":true,"href":"https:\/\/www.cp-rup.com\/es\/wp-json\/wp\/v2\/categories?post=6242"},{"taxonomy":"post_tag","embeddable":true,"href":"https:\/\/www.cp-rup.com\/es\/wp-json\/wp\/v2\/tags?post=6242"}],"curies":[{"name":"wp","href":"https:\/\/api.w.org\/{rel}","templated":true}]}}