{"id":6249,"date":"2019-06-07T15:43:41","date_gmt":"2019-06-07T15:43:41","guid":{"rendered":"https:\/\/cp-rup.com\/?p=6249"},"modified":"2021-03-25T14:03:13","modified_gmt":"2021-03-25T14:03:13","slug":"el-comite-de-seguimiento-rup-se-reunio-los-dias-4-y-5-de-junio-en-horta-azores","status":"publish","type":"post","link":"https:\/\/www.cp-rup.com\/es\/el-comite-de-seguimiento-rup-se-reunio-los-dias-4-y-5-de-junio-en-horta-azores\/","title":{"rendered":"El Comit\u00e9 de seguimiento RUP se reuni\u00f3 los d\u00edas 4 y 5 de junio en Horta, Azores."},"content":{"rendered":"<p>El Comit\u00e9 de seguimiento RUP se reuni\u00f3 los d\u00edas 4 y 5 de junio en Horta, Azores, con el fin de continuar con sus trabajos. Las regiones destacaron todos los eventos futuros en los que participar\u00e1n, sobre todo la Conferencia Copernicus, que tiene lugar los d\u00edas 6 y 7 de junio en Horta, la Jornada Europea de la Energ\u00eda Sostenible del 18 al 20 de junio en Bruselas, el Foro de la Econom\u00eda Azul en las RUP, organizado por la Comisi\u00f3n Europea el 9 de julio en Bruselas y la REGIO WEEK en el mes de octubre, en Bruselas tambi\u00e9n.<\/p>\n<p><img loading=\"lazy\" decoding=\"async\" class=\"size-medium wp-image-4477 alignleft\" src=\"https:\/\/cp-rup.com\/wp-content\/uploads\/2019\/06\/2019.06.04-CSRUP-5-300x225.jpg\" alt=\"\" width=\"300\" height=\"225\" srcset=\"https:\/\/www.cp-rup.com\/wp-content\/uploads\/2019\/06\/2019.06.04-CSRUP-5-300x225.jpg 300w, https:\/\/www.cp-rup.com\/wp-content\/uploads\/2019\/06\/2019.06.04-CSRUP-5-768x576.jpg 768w, https:\/\/www.cp-rup.com\/wp-content\/uploads\/2019\/06\/2019.06.04-CSRUP-5-1024x768.jpg 1024w\" sizes=\"auto, (max-width: 300px) 100vw, 300px\" \/><\/p>\n<p>&nbsp;<\/p>\n<p>Asimismo, el CdS prosigui\u00f3 con sus trabajos sobre la elaboraci\u00f3n de contribuciones y posturas comunes, concretamente por lo que respecta a las ayudas de Estado, tras la consulta p\u00fablica que emiti\u00f3 la Comisi\u00f3n Europea hasta julio, y sobre la futura cooperaci\u00f3n territorial para las RUP.<\/p>\n<p>Las RUP se reunir\u00e1n para su 7\u00aa reuni\u00f3n del CDS, el mes de julio en Bruselas, al margen del Foro de la Econom\u00eda Azul en las RUP.<\/p>\n","protected":false},"excerpt":{"rendered":"<p>El Comit\u00e9 de seguimiento RUP se reuni\u00f3 los d\u00edas 4 y 5 de junio en Horta, Azores, con el fin de continuar con sus trabajos. Las regiones destacaron todos los eventos futuros en los que participar\u00e1n, sobre todo la Conferencia Copernicus, que tiene lugar los d\u00edas 6 y 7 de junio en Horta, la Jornada [&hellip;]<\/p>\n","protected":false},"author":37,"featured_media":4476,"comment_status":"open","ping_status":"open","sticky":false,"template":"","format":"standard","meta":{"_acf_changed":false,"footnotes":"","_links_to":"","_links_to_target":""},"categories":[231],"tags":[],"class_list":["post-6249","post","type-post","status-publish","format-standard","has-post-thumbnail","hentry","category-sin-categoria-es"],"acf":[],"_links":{"self":[{"href":"https:\/\/www.cp-rup.com\/es\/wp-json\/wp\/v2\/posts\/6249","targetHints":{"allow":["GET"]}}],"collection":[{"href":"https:\/\/www.cp-rup.com\/es\/wp-json\/wp\/v2\/posts"}],"about":[{"href":"https:\/\/www.cp-rup.com\/es\/wp-json\/wp\/v2\/types\/post"}],"author":[{"embeddable":true,"href":"https:\/\/www.cp-rup.com\/es\/wp-json\/wp\/v2\/users\/37"}],"replies":[{"embeddable":true,"href":"https:\/\/www.cp-rup.com\/es\/wp-json\/wp\/v2\/comments?post=6249"}],"version-history":[{"count":1,"href":"https:\/\/www.cp-rup.com\/es\/wp-json\/wp\/v2\/posts\/6249\/revisions"}],"predecessor-version":[{"id":6250,"href":"https:\/\/www.cp-rup.com\/es\/wp-json\/wp\/v2\/posts\/6249\/revisions\/6250"}],"wp:featuredmedia":[{"embeddable":true,"href":"https:\/\/www.cp-rup.com\/es\/wp-json\/wp\/v2\/media\/4476"}],"wp:attachment":[{"href":"https:\/\/www.cp-rup.com\/es\/wp-json\/wp\/v2\/media?parent=6249"}],"wp:term":[{"taxonomy":"category","embeddable":true,"href":"https:\/\/www.cp-rup.com\/es\/wp-json\/wp\/v2\/categories?post=6249"},{"taxonomy":"post_tag","embeddable":true,"href":"https:\/\/www.cp-rup.com\/es\/wp-json\/wp\/v2\/tags?post=6249"}],"curies":[{"name":"wp","href":"https:\/\/api.w.org\/{rel}","templated":true}]}}