{"id":6272,"date":"2019-05-16T15:49:27","date_gmt":"2019-05-16T15:49:27","guid":{"rendered":"https:\/\/cp-rup.com\/?p=6272"},"modified":"2021-03-25T11:32:05","modified_gmt":"2021-03-25T11:32:05","slug":"las-rup-presentes-en-lisboa-para-el-dia-maritimo-europeo-2019-2","status":"publish","type":"post","link":"https:\/\/www.cp-rup.com\/es\/las-rup-presentes-en-lisboa-para-el-dia-maritimo-europeo-2019-2\/","title":{"rendered":"Las RUP presentes en Lisboa para el D\u00eda Mar\u00edtimo Europeo 2019."},"content":{"rendered":"<p>La Conferencia de Presidentes de las RUP organiz\u00f3 un taller en el marco del D\u00eda Mar\u00edtimo Europeo celebrado en Lisboa el 17 de mayo. Este taller contribuy\u00f3 a resaltar el potencial mar\u00edtimo de las RUP, as\u00ed como los proyectos implementados en este sector.<\/p>\n<p>D. Pedro Ortega, consejero de Econom\u00eda, Industria, Comercio y Conocimiento del Gobierno de Canarias, la D\u00f1a. Anna Szegvari Masa, directora de los proyectos de econom\u00eda azul del Consejo Regional de Reuni\u00f3n, el D. Filipe Porteiro, director regional de los Asuntos Mar\u00edtimos del Gobierno de Azores y la D\u00f1a. Cyrielle Cuirassier, representante de los Asuntos Europeos del Consejo Regional de Guadalupe en Bruselas, participaron en el taller moderado por el D. Antonio Domingos Abreu, experto en la Divisi\u00f3n de Ciencias Ecol\u00f3gicas y de la Tierra de la UNESCO.<\/p>\n<p>A trav\u00e9s de sus presentaciones, los ponentes debatieron el papel clave que las RUP pueden desempe\u00f1ar en la pol\u00edtica mar\u00edtima europea y los diferentes aspectos del desarrollo de los sectores vinculados a la econom\u00eda azul: la innovaci\u00f3n en energ\u00edas renovables en las islas Canarias, la formaci\u00f3n profesional en el marco del proyecto de la escuela mar\u00edtima en las Azores, la identificaci\u00f3n de t\u00e9cnicas de pesca innovadoras a trav\u00e9s del proyecto ORFISH y la cooperaci\u00f3n como herramienta de desarrollo para la econom\u00eda azul en el Oc\u00e9ano \u00cdndico.<\/p>\n<p>Como se ha recordado en el memor\u00e1ndum conjunto de las RUP, el mar es, de hecho, una oportunidad considerable para el desarrollo econ\u00f3mico y social de nuestras regiones.<\/p>\n","protected":false},"excerpt":{"rendered":"<p>La Conferencia de Presidentes de las RUP organiz\u00f3 un taller en el marco del D\u00eda Mar\u00edtimo Europeo celebrado en Lisboa el 17 de mayo. Este taller contribuy\u00f3 a resaltar el potencial mar\u00edtimo de las RUP, as\u00ed como los proyectos implementados en este sector. D. Pedro Ortega, consejero de Econom\u00eda, Industria, Comercio y Conocimiento del Gobierno [&hellip;]<\/p>\n","protected":false},"author":37,"featured_media":4417,"comment_status":"open","ping_status":"open","sticky":false,"template":"","format":"standard","meta":{"_acf_changed":false,"footnotes":"","_links_to":"","_links_to_target":""},"categories":[231],"tags":[],"class_list":["post-6272","post","type-post","status-publish","format-standard","has-post-thumbnail","hentry","category-sin-categoria-es"],"acf":[],"_links":{"self":[{"href":"https:\/\/www.cp-rup.com\/es\/wp-json\/wp\/v2\/posts\/6272","targetHints":{"allow":["GET"]}}],"collection":[{"href":"https:\/\/www.cp-rup.com\/es\/wp-json\/wp\/v2\/posts"}],"about":[{"href":"https:\/\/www.cp-rup.com\/es\/wp-json\/wp\/v2\/types\/post"}],"author":[{"embeddable":true,"href":"https:\/\/www.cp-rup.com\/es\/wp-json\/wp\/v2\/users\/37"}],"replies":[{"embeddable":true,"href":"https:\/\/www.cp-rup.com\/es\/wp-json\/wp\/v2\/comments?post=6272"}],"version-history":[{"count":1,"href":"https:\/\/www.cp-rup.com\/es\/wp-json\/wp\/v2\/posts\/6272\/revisions"}],"predecessor-version":[{"id":6273,"href":"https:\/\/www.cp-rup.com\/es\/wp-json\/wp\/v2\/posts\/6272\/revisions\/6273"}],"wp:featuredmedia":[{"embeddable":true,"href":"https:\/\/www.cp-rup.com\/es\/wp-json\/wp\/v2\/media\/4417"}],"wp:attachment":[{"href":"https:\/\/www.cp-rup.com\/es\/wp-json\/wp\/v2\/media?parent=6272"}],"wp:term":[{"taxonomy":"category","embeddable":true,"href":"https:\/\/www.cp-rup.com\/es\/wp-json\/wp\/v2\/categories?post=6272"},{"taxonomy":"post_tag","embeddable":true,"href":"https:\/\/www.cp-rup.com\/es\/wp-json\/wp\/v2\/tags?post=6272"}],"curies":[{"name":"wp","href":"https:\/\/api.w.org\/{rel}","templated":true}]}}