{"id":6292,"date":"2018-10-05T15:57:34","date_gmt":"2018-10-05T15:57:34","guid":{"rendered":"https:\/\/cp-rup.com\/?p=6292"},"modified":"2021-03-25T11:58:10","modified_gmt":"2021-03-25T11:58:10","slug":"xxiii-conferencia-de-presidentes-de-las-rup","status":"publish","type":"post","link":"https:\/\/www.cp-rup.com\/es\/xxiii-conferencia-de-presidentes-de-las-rup\/","title":{"rendered":"XXIII Conferencia de Presidentes de las RUP"},"content":{"rendered":"<p>Durante los pr\u00f3ximos d\u00edas 22 y 23 de noviembre, se celebrar\u00e1 en\u00a0Las Palmas de Gran Canaria\u00a0la XXIII Conferencia de Presidentes de las Regiones Ultraperif\u00e9ricas,\u00a0que pondr\u00e1\u00a0fin a la presidencia canaria\u00a0y dar\u00e1 paso a la asunci\u00f3n de\u00a0la misma por parte de la regi\u00f3n de San Mart\u00edn.<\/p>\n<p>La XXIII Conferencia de Presidentes reunir\u00e1 a los nueve Presidentes de las RUP, y contar\u00e1, asimismo, con la presencia del\u00a0Rey de Espa\u00f1a, Felipe VI,\u00a0el Presidente de la Comisi\u00f3n Europea, Jean-Claude Juncker,\u00a0la Comisaria Europea de Pol\u00edtica Regional, Corina Cretu, la Ministra de Ultramar francesa, Annick Girardin, la Secretaria de Estado de Asuntos Europeos de Portugal, Ana Paula Zacarias, el Vicepresidente del Parlamento Europeo, Ram\u00f3n Luis Valc\u00e1rcel, adem\u00e1s de un representante del Estado espa\u00f1ol.<\/p>\n<p>La celebraci\u00f3n de esta conferencia anual se presenta como un momento propicio para abordar conjuntamente la posici\u00f3n de la ultraperiferia de cara al periodo post 2020, as\u00ed como para impulsar una pol\u00edtica europea de crecimiento y desarrollo adaptada a nuestra realidad, justo tras la presentaci\u00f3n por parte de la Comisi\u00f3n Europea de las propuestas econ\u00f3micas, financieras y legislativas para el pr\u00f3ximo periodo de programaci\u00f3n.<\/p>\n<p>&nbsp;<\/p>\n<p>&nbsp;<\/p>\n<p>&nbsp;<\/p>\n","protected":false},"excerpt":{"rendered":"<p>Durante los pr\u00f3ximos d\u00edas 22 y 23 de noviembre, se celebrar\u00e1 en\u00a0Las Palmas de Gran Canaria\u00a0la XXIII Conferencia de Presidentes de las Regiones Ultraperif\u00e9ricas,\u00a0que pondr\u00e1\u00a0fin a la presidencia canaria\u00a0y dar\u00e1 paso a la asunci\u00f3n de\u00a0la misma por parte de la regi\u00f3n de San Mart\u00edn. La XXIII Conferencia de Presidentes reunir\u00e1 a los nueve Presidentes de [&hellip;]<\/p>\n","protected":false},"author":37,"featured_media":2611,"comment_status":"open","ping_status":"open","sticky":false,"template":"","format":"standard","meta":{"_acf_changed":false,"footnotes":"","_links_to":"","_links_to_target":""},"categories":[231],"tags":[],"class_list":["post-6292","post","type-post","status-publish","format-standard","has-post-thumbnail","hentry","category-sin-categoria-es"],"acf":[],"_links":{"self":[{"href":"https:\/\/www.cp-rup.com\/es\/wp-json\/wp\/v2\/posts\/6292","targetHints":{"allow":["GET"]}}],"collection":[{"href":"https:\/\/www.cp-rup.com\/es\/wp-json\/wp\/v2\/posts"}],"about":[{"href":"https:\/\/www.cp-rup.com\/es\/wp-json\/wp\/v2\/types\/post"}],"author":[{"embeddable":true,"href":"https:\/\/www.cp-rup.com\/es\/wp-json\/wp\/v2\/users\/37"}],"replies":[{"embeddable":true,"href":"https:\/\/www.cp-rup.com\/es\/wp-json\/wp\/v2\/comments?post=6292"}],"version-history":[{"count":1,"href":"https:\/\/www.cp-rup.com\/es\/wp-json\/wp\/v2\/posts\/6292\/revisions"}],"predecessor-version":[{"id":6293,"href":"https:\/\/www.cp-rup.com\/es\/wp-json\/wp\/v2\/posts\/6292\/revisions\/6293"}],"wp:featuredmedia":[{"embeddable":true,"href":"https:\/\/www.cp-rup.com\/es\/wp-json\/wp\/v2\/media\/2611"}],"wp:attachment":[{"href":"https:\/\/www.cp-rup.com\/es\/wp-json\/wp\/v2\/media?parent=6292"}],"wp:term":[{"taxonomy":"category","embeddable":true,"href":"https:\/\/www.cp-rup.com\/es\/wp-json\/wp\/v2\/categories?post=6292"},{"taxonomy":"post_tag","embeddable":true,"href":"https:\/\/www.cp-rup.com\/es\/wp-json\/wp\/v2\/tags?post=6292"}],"curies":[{"name":"wp","href":"https:\/\/api.w.org\/{rel}","templated":true}]}}