{"id":6295,"date":"2018-06-13T15:59:24","date_gmt":"2018-06-13T15:59:24","guid":{"rendered":"https:\/\/cp-rup.com\/?p=6295"},"modified":"2021-03-25T15:26:43","modified_gmt":"2021-03-25T15:26:43","slug":"reunion-del-comite-de-seguimiento-de-la-conferencia-de-presidentes-de-las-regiones-ultraperifericas-los-dias-11-12-y-13-de-junio-de-2018","status":"publish","type":"post","link":"https:\/\/www.cp-rup.com\/es\/reunion-del-comite-de-seguimiento-de-la-conferencia-de-presidentes-de-las-regiones-ultraperifericas-los-dias-11-12-y-13-de-junio-de-2018\/","title":{"rendered":"Reuni\u00f3n del Comit\u00e9 de Seguimiento de la Conferencia de Presidentes de las Regiones Ultraperif\u00e9ricas los d\u00edas 11, 12 y 13 de junio de 2018"},"content":{"rendered":"<p>13\/06\/2018<\/p>\n<p>El Comit\u00e9 de Seguimiento (CdS) de la Conferencia de Presidentes de las Regiones Ultraperif\u00e9ricas se ha reunido los d\u00edas 11, 12 y 13 de junio en la Delegaci\u00f3n del Gobierno de Canarias en Bruselas, bajo la presidencia canaria.<\/p>\n<p>En estas jornadas de trabajo,el Comit\u00e9 ha tenido la ocasi\u00f3n de continuar los trabajos iniciados en la anterior reuni\u00f3n, relativos al an\u00e1lisis de las propuestas reglamentarias de la Comisi\u00f3n Europea para el periodo post 2020.<\/p>\n<p>Asimismo se ha trabajado en la preparaci\u00f3n del encuentro de Presidentes extraordinario del mes de junio cuyo objeto es, precisamente, analizar conjuntamente dichas propuestas y preparar sus reacciones ante los colegisladores europeos, el Parlamento Europeo y el Consejo.<\/p>\n<p>Por otro lado, \u00a0ha tenido lugar una reuni\u00f3n con un representante de NEREUS, (Network of European Regions Using Space Technologies), plataforma dedicada al uso de tecnolog\u00edas espaciales para mejorar las pol\u00edticas p\u00fablicas en beneficio de los ciudadanos de todas las regiones europeas para analizar posibles v\u00edas de cooperaci\u00f3n en el futuro.<\/p>\n","protected":false},"excerpt":{"rendered":"<p>13\/06\/2018 El Comit\u00e9 de Seguimiento (CdS) de la Conferencia de Presidentes de las Regiones Ultraperif\u00e9ricas se ha reunido los d\u00edas 11, 12 y 13 de junio en la Delegaci\u00f3n del Gobierno de Canarias en Bruselas, bajo la presidencia canaria. En estas jornadas de trabajo,el Comit\u00e9 ha tenido la ocasi\u00f3n de continuar los trabajos iniciados en [&hellip;]<\/p>\n","protected":false},"author":37,"featured_media":4190,"comment_status":"open","ping_status":"open","sticky":false,"template":"","format":"standard","meta":{"_acf_changed":false,"footnotes":"","_links_to":"","_links_to_target":""},"categories":[231],"tags":[],"class_list":["post-6295","post","type-post","status-publish","format-standard","has-post-thumbnail","hentry","category-sin-categoria-es"],"acf":[],"_links":{"self":[{"href":"https:\/\/www.cp-rup.com\/es\/wp-json\/wp\/v2\/posts\/6295","targetHints":{"allow":["GET"]}}],"collection":[{"href":"https:\/\/www.cp-rup.com\/es\/wp-json\/wp\/v2\/posts"}],"about":[{"href":"https:\/\/www.cp-rup.com\/es\/wp-json\/wp\/v2\/types\/post"}],"author":[{"embeddable":true,"href":"https:\/\/www.cp-rup.com\/es\/wp-json\/wp\/v2\/users\/37"}],"replies":[{"embeddable":true,"href":"https:\/\/www.cp-rup.com\/es\/wp-json\/wp\/v2\/comments?post=6295"}],"version-history":[{"count":1,"href":"https:\/\/www.cp-rup.com\/es\/wp-json\/wp\/v2\/posts\/6295\/revisions"}],"predecessor-version":[{"id":6296,"href":"https:\/\/www.cp-rup.com\/es\/wp-json\/wp\/v2\/posts\/6295\/revisions\/6296"}],"wp:featuredmedia":[{"embeddable":true,"href":"https:\/\/www.cp-rup.com\/es\/wp-json\/wp\/v2\/media\/4190"}],"wp:attachment":[{"href":"https:\/\/www.cp-rup.com\/es\/wp-json\/wp\/v2\/media?parent=6295"}],"wp:term":[{"taxonomy":"category","embeddable":true,"href":"https:\/\/www.cp-rup.com\/es\/wp-json\/wp\/v2\/categories?post=6295"},{"taxonomy":"post_tag","embeddable":true,"href":"https:\/\/www.cp-rup.com\/es\/wp-json\/wp\/v2\/tags?post=6295"}],"curies":[{"name":"wp","href":"https:\/\/api.w.org\/{rel}","templated":true}]}}