{"id":6308,"date":"2018-05-25T15:05:36","date_gmt":"2018-05-25T15:05:36","guid":{"rendered":"https:\/\/cp-rup.com\/?p=6308"},"modified":"2021-03-25T12:00:17","modified_gmt":"2021-03-25T12:00:17","slug":"reunion-del-comite-de-seguimiento-de-la-cprup-en-bruselas-del-23-al-25-de-mayo-de-2018","status":"publish","type":"post","link":"https:\/\/www.cp-rup.com\/es\/reunion-del-comite-de-seguimiento-de-la-cprup-en-bruselas-del-23-al-25-de-mayo-de-2018\/","title":{"rendered":"Reuni\u00f3n del Comit\u00e9 de Seguimiento de la CPRUP en Bruselas del 23 al 25 de mayo de 2018"},"content":{"rendered":"<p>25\/05\/2018<\/p>\n<p>Los miembros del Comit\u00e9 de Seguimiento (CdS) de la Conferencia de Presidentes de las Regiones Ultraperif\u00e9ricas se han reunido los d\u00edas 23, 24 y 25 de mayo en la Delegaci\u00f3n del Gobierno de Canarias en Bruselas, bajo la presidencia canaria.<\/p>\n<p>Durante estas tres jornadas de trabajo, los miembros del Comit\u00e9 han tenido la ocasi\u00f3n de trabajar en la organizaci\u00f3n de los distintos actos que tendr\u00e1n lugar durante los pr\u00f3ximos meses en los que las RUP ocupar\u00e1n la agenda europea de manera relevante, como el Foro sobre la Econom\u00eda Azul, la Semana Europea de la Energ\u00eda Sostenible, un encuentro con el Presidente del Parlamento Europeo, una presentaci\u00f3n de la Comisi\u00f3n Europea sobre las propuestas Marco Financiero Plurianual, un taller espec\u00edfico RUP en el marco de la <em>Regio Week<\/em>, y la pr\u00f3xima Conferencia anual de Presidentes de las RUP que se celebrar\u00e1 en noviembre en Canarias, entre otros.<\/p>\n<p>Asimismo, se han analizado las primeras propuestas de la Comisi\u00f3n Europea post 2020, tanto de la Comunicaci\u00f3n de la Comisi\u00f3n Europea relativa a las RUP publicada en 2017 \u201cUna asociaci\u00f3n estrat\u00e9gica renovada y m\u00e1s fuerte con las regiones ultraperif\u00e9ricas de la Uni\u00f3n Europea\u201d, como del Marco Financiero Plurianual post 2020.<\/p>\n<p>Finalmente, el Comit\u00e9 ha mantenido un encuentro con la Unidad Regiones Ultraperif\u00e9ricas de la Direcci\u00f3n de Pol\u00edtica Regional (DG REGIO) de la Comisi\u00f3n Europea centrado en el seguimiento de las acciones previstas en la Comunicaci\u00f3n sobre las RUP.<\/p>\n<p>&nbsp;<\/p>\n","protected":false},"excerpt":{"rendered":"<p>25\/05\/2018 Los miembros del Comit\u00e9 de Seguimiento (CdS) de la Conferencia de Presidentes de las Regiones Ultraperif\u00e9ricas se han reunido los d\u00edas 23, 24 y 25 de mayo en la Delegaci\u00f3n del Gobierno de Canarias en Bruselas, bajo la presidencia canaria. Durante estas tres jornadas de trabajo, los miembros del Comit\u00e9 han tenido la ocasi\u00f3n [&hellip;]<\/p>\n","protected":false},"author":37,"featured_media":1708,"comment_status":"open","ping_status":"open","sticky":false,"template":"","format":"standard","meta":{"_acf_changed":false,"footnotes":"","_links_to":"","_links_to_target":""},"categories":[231],"tags":[],"class_list":["post-6308","post","type-post","status-publish","format-standard","has-post-thumbnail","hentry","category-sin-categoria-es"],"acf":[],"_links":{"self":[{"href":"https:\/\/www.cp-rup.com\/es\/wp-json\/wp\/v2\/posts\/6308","targetHints":{"allow":["GET"]}}],"collection":[{"href":"https:\/\/www.cp-rup.com\/es\/wp-json\/wp\/v2\/posts"}],"about":[{"href":"https:\/\/www.cp-rup.com\/es\/wp-json\/wp\/v2\/types\/post"}],"author":[{"embeddable":true,"href":"https:\/\/www.cp-rup.com\/es\/wp-json\/wp\/v2\/users\/37"}],"replies":[{"embeddable":true,"href":"https:\/\/www.cp-rup.com\/es\/wp-json\/wp\/v2\/comments?post=6308"}],"version-history":[{"count":1,"href":"https:\/\/www.cp-rup.com\/es\/wp-json\/wp\/v2\/posts\/6308\/revisions"}],"predecessor-version":[{"id":6309,"href":"https:\/\/www.cp-rup.com\/es\/wp-json\/wp\/v2\/posts\/6308\/revisions\/6309"}],"wp:featuredmedia":[{"embeddable":true,"href":"https:\/\/www.cp-rup.com\/es\/wp-json\/wp\/v2\/media\/1708"}],"wp:attachment":[{"href":"https:\/\/www.cp-rup.com\/es\/wp-json\/wp\/v2\/media?parent=6308"}],"wp:term":[{"taxonomy":"category","embeddable":true,"href":"https:\/\/www.cp-rup.com\/es\/wp-json\/wp\/v2\/categories?post=6308"},{"taxonomy":"post_tag","embeddable":true,"href":"https:\/\/www.cp-rup.com\/es\/wp-json\/wp\/v2\/tags?post=6308"}],"curies":[{"name":"wp","href":"https:\/\/api.w.org\/{rel}","templated":true}]}}