{"id":6323,"date":"2018-03-12T15:11:19","date_gmt":"2018-03-12T15:11:19","guid":{"rendered":"https:\/\/cp-rup.com\/?p=6323"},"modified":"2021-03-29T12:45:51","modified_gmt":"2021-03-29T12:45:51","slug":"las-rup-introducen-la-ultraperiferia-en-la-agenda-europea-del-brexit","status":"publish","type":"post","link":"https:\/\/www.cp-rup.com\/es\/las-rup-introducen-la-ultraperiferia-en-la-agenda-europea-del-brexit\/","title":{"rendered":"Las RUP introducen la ultraperiferia en la agenda europea del Brexit"},"content":{"rendered":"<p>12\/03\/2018<\/p>\n<p>El presidente del Gobierno de Canarias, Fernando Clavijo, traslad\u00f3 este lunes en Bruselas al negociador de la Uni\u00f3n Europea (UE) para el \u00abBrexit\u00bb, Michel Barnier, la preocupaci\u00f3n de esa comunidad espa\u00f1ola y del resto de Regiones Ultraperif\u00e9ricas, por el posible impacto negativo que tendr\u00e1 para su econom\u00eda la salida de Reino Unido del bloque comunitario, previsiblemente en 2019.<\/p>\n<p>El titular del Ejecutivo canario, que acudi\u00f3 a esta reuni\u00f3n en calidad de presidente de la Conferencia de Presidentes de las RUP, expuso exhaustivamente la situaci\u00f3n de \u00e9stas como las regiones europeas m\u00e1s vulnerables, tanto frente a una salida no ordenada del Reino Unido, como frente a cualquier escenario de deterioro de las relaciones futuras entre la UE y el Reino Unido en calidad de pa\u00eds tercero.<\/p>\n<p>Fernando Clavijo adelant\u00f3 hace unos meses una carta y varios informes preliminares a Michel Barnier sobre las consecuencias del Brexit para diversos sectores de la econom\u00eda de Canarias (turismo, agricultura, sector inmobiliario, etc\u00e9tera), con documentos elaborados por la comisi\u00f3n de trabajo creada en las Islas para hacer un seguimiento de este proceso. A dicha carta respondi\u00f3 Barnier, indicando textualmente que \u00absoy muy sensible a los intereses de las Regiones Ultraperif\u00e9ricas, cuyas especificidades conozco muy bien\u00bb.<\/p>\n<p>A la reuni\u00f3n tambi\u00e9n asisti\u00f3 el viceconsejero canario de Econom\u00eda y Asuntos Econ\u00f3micos con la Uni\u00f3n Europea, Ildefonso Socorro, quien traslad\u00f3 a Barnier las preocupaciones del resto de las RUP, as\u00ed como un informe sobre el impacto concreto del \u00abBrexit\u00bb sobre Canarias y Madeira.<\/p>\n<p>\u00abHay departamentos franceses de ultramar en el Caribe, como Guadalupe, Martinica y San Mart\u00edn, que tienen una relaci\u00f3n muy particular con los pa\u00edses y territorios de ultramar brit\u00e1nicos y tienen una preocupaci\u00f3n muy grande por c\u00f3mo puede afectar el \u00abBrexit\u00bb a sus relaciones\u00bb, coment\u00f3.<\/p>\n<p>Clavijo consider\u00f3 \u00abimportante\u00bb que las RUP puedan mostrar de primera mano sus singularidades y dijo que \u00abhemos recibido de Barnier, que fue comisario de Pol\u00edtica Regional en su momento, una acogida muy favorable a nuestra situaci\u00f3n\u00bb.<\/p>\n","protected":false},"excerpt":{"rendered":"<p>12\/03\/2018 El presidente del Gobierno de Canarias, Fernando Clavijo, traslad\u00f3 este lunes en Bruselas al negociador de la Uni\u00f3n Europea (UE) para el \u00abBrexit\u00bb, Michel Barnier, la preocupaci\u00f3n de esa comunidad espa\u00f1ola y del resto de Regiones Ultraperif\u00e9ricas, por el posible impacto negativo que tendr\u00e1 para su econom\u00eda la salida de Reino Unido del bloque [&hellip;]<\/p>\n","protected":false},"author":37,"featured_media":4043,"comment_status":"open","ping_status":"open","sticky":false,"template":"","format":"standard","meta":{"_acf_changed":false,"footnotes":"","_links_to":"","_links_to_target":""},"categories":[231],"tags":[],"class_list":["post-6323","post","type-post","status-publish","format-standard","has-post-thumbnail","hentry","category-sin-categoria-es"],"acf":[],"_links":{"self":[{"href":"https:\/\/www.cp-rup.com\/es\/wp-json\/wp\/v2\/posts\/6323","targetHints":{"allow":["GET"]}}],"collection":[{"href":"https:\/\/www.cp-rup.com\/es\/wp-json\/wp\/v2\/posts"}],"about":[{"href":"https:\/\/www.cp-rup.com\/es\/wp-json\/wp\/v2\/types\/post"}],"author":[{"embeddable":true,"href":"https:\/\/www.cp-rup.com\/es\/wp-json\/wp\/v2\/users\/37"}],"replies":[{"embeddable":true,"href":"https:\/\/www.cp-rup.com\/es\/wp-json\/wp\/v2\/comments?post=6323"}],"version-history":[{"count":1,"href":"https:\/\/www.cp-rup.com\/es\/wp-json\/wp\/v2\/posts\/6323\/revisions"}],"predecessor-version":[{"id":6324,"href":"https:\/\/www.cp-rup.com\/es\/wp-json\/wp\/v2\/posts\/6323\/revisions\/6324"}],"wp:featuredmedia":[{"embeddable":true,"href":"https:\/\/www.cp-rup.com\/es\/wp-json\/wp\/v2\/media\/4043"}],"wp:attachment":[{"href":"https:\/\/www.cp-rup.com\/es\/wp-json\/wp\/v2\/media?parent=6323"}],"wp:term":[{"taxonomy":"category","embeddable":true,"href":"https:\/\/www.cp-rup.com\/es\/wp-json\/wp\/v2\/categories?post=6323"},{"taxonomy":"post_tag","embeddable":true,"href":"https:\/\/www.cp-rup.com\/es\/wp-json\/wp\/v2\/tags?post=6323"}],"curies":[{"name":"wp","href":"https:\/\/api.w.org\/{rel}","templated":true}]}}