{"id":6332,"date":"2018-02-20T15:15:11","date_gmt":"2018-02-20T15:15:11","guid":{"rendered":"https:\/\/cp-rup.com\/?p=6332"},"modified":"2021-03-25T12:05:10","modified_gmt":"2021-03-25T12:05:10","slug":"cincuenta-estudiantes-y-profesores-de-seis-paises-europeos-participan-en-una-jornada-para-conocer-las-rup","status":"publish","type":"post","link":"https:\/\/www.cp-rup.com\/es\/cincuenta-estudiantes-y-profesores-de-seis-paises-europeos-participan-en-una-jornada-para-conocer-las-rup\/","title":{"rendered":"Cincuenta estudiantes y profesores de seis pa\u00edses europeos participan en una jornada para conocer las RUP"},"content":{"rendered":"<p>20\/02\/2018<\/p>\n<p>Ildefonso Socorro, viceconsejero de Econom\u00eda y Asuntos Econ\u00f3micos con la UE del Gobierno de Canarias, explic\u00f3 esta ma\u00f1ana la situaci\u00f3n de Las Islas como Regi\u00f3n Ultraperif\u00e9rica a cincuenta estudiantes y profesores de seis pa\u00edses de la UE (Italia, Luxemburgo, Bulgaria, Francia, B\u00e9lgica y Canarias) que participan en un intercambio del proyecto Erasmus L\u00b4Europe: notre projet com\u00fan, que se desarrolla estos d\u00edas en Gran Canaria.<\/p>\n<p>El representante de la Consejer\u00eda de Econom\u00eda, Industria, Comercio y Conocimiento del Gobierno de Canarias record\u00f3 a los j\u00f3venes que el concepto de ultraperiferia fue acu\u00f1ado por la Uni\u00f3n Europea para identificar \u00abuna realidad territorial singular y \u00fanica\u00bb. Socorro les inform\u00f3 de que actualmente hay nueve regiones ultraperif\u00e9ricas en Europa (Canarias, Azores, Madeira, Guadalupe, San Mart\u00edn, Guayana francesa, Martinica, La Reuni\u00f3n y Mayotte) con una poblaci\u00f3n total de cuatro millones de habitantes que conviven en tres mares y oc\u00e9anos distintos.<\/p>\n<p>Los condicionantes que caracterizan a las RUP son: la insularidad, contar con un relieve y climas adversos, reducida superficie, gran lejan\u00eda del continente europeo y su cercan\u00eda a terceros pa\u00edses.<\/p>\n<p>Asimismo, Ildefonso Socorro hizo un repaso de las acciones que est\u00e1 desarrollando el Gobierno de Canarias este a\u00f1o en el que corresponde a Las Islas y en concreto a Fernando Clavijo, la presidencia de la Conferencia de Presidentes de las Regiones Ultraperif\u00e9ricas.<\/p>\n<p>El proyecto en el que trabajan estos j\u00f3venes fomenta el acercamiento a las instituciones europeas y el esp\u00edritu cr\u00edtico para debatir los objetivos en el origen de la UE y las prioridades del futuro. Tambi\u00e9n las nuevas tecnolog\u00edas en el aprendizaje y valores sociales como el respeto y la integraci\u00f3n en Europa.<\/p>\n<p>Los alumnos tienen entre 14 y 17 a\u00f1os y estudian en institutos p\u00fablicos de sus localidades. El proyecto es una asociaci\u00f3n escolar Erasmus + KA2. El centro grancanario que acoge esta movilidad es el IES Joaqu\u00edn Artiles de Ag\u00fcimes.<\/p>\n<p>Los estudiantes de Las Islas que participan en el proyecto acogen en sus casas a los compa\u00f1eros de otros pa\u00edses y posteriormente ser\u00e1n acogidos por ellos en otro intercambio previsto. Este curso del programa europeo Erasmus se extiende a lo largo de dos cursos escolares.<\/p>\n","protected":false},"excerpt":{"rendered":"<p>20\/02\/2018 Ildefonso Socorro, viceconsejero de Econom\u00eda y Asuntos Econ\u00f3micos con la UE del Gobierno de Canarias, explic\u00f3 esta ma\u00f1ana la situaci\u00f3n de Las Islas como Regi\u00f3n Ultraperif\u00e9rica a cincuenta estudiantes y profesores de seis pa\u00edses de la UE (Italia, Luxemburgo, Bulgaria, Francia, B\u00e9lgica y Canarias) que participan en un intercambio del proyecto Erasmus L\u00b4Europe: notre [&hellip;]<\/p>\n","protected":false},"author":37,"featured_media":1124,"comment_status":"open","ping_status":"open","sticky":false,"template":"","format":"standard","meta":{"_acf_changed":false,"footnotes":"","_links_to":"","_links_to_target":""},"categories":[231],"tags":[],"class_list":["post-6332","post","type-post","status-publish","format-standard","has-post-thumbnail","hentry","category-sin-categoria-es"],"acf":[],"_links":{"self":[{"href":"https:\/\/www.cp-rup.com\/es\/wp-json\/wp\/v2\/posts\/6332","targetHints":{"allow":["GET"]}}],"collection":[{"href":"https:\/\/www.cp-rup.com\/es\/wp-json\/wp\/v2\/posts"}],"about":[{"href":"https:\/\/www.cp-rup.com\/es\/wp-json\/wp\/v2\/types\/post"}],"author":[{"embeddable":true,"href":"https:\/\/www.cp-rup.com\/es\/wp-json\/wp\/v2\/users\/37"}],"replies":[{"embeddable":true,"href":"https:\/\/www.cp-rup.com\/es\/wp-json\/wp\/v2\/comments?post=6332"}],"version-history":[{"count":1,"href":"https:\/\/www.cp-rup.com\/es\/wp-json\/wp\/v2\/posts\/6332\/revisions"}],"predecessor-version":[{"id":6333,"href":"https:\/\/www.cp-rup.com\/es\/wp-json\/wp\/v2\/posts\/6332\/revisions\/6333"}],"wp:featuredmedia":[{"embeddable":true,"href":"https:\/\/www.cp-rup.com\/es\/wp-json\/wp\/v2\/media\/1124"}],"wp:attachment":[{"href":"https:\/\/www.cp-rup.com\/es\/wp-json\/wp\/v2\/media?parent=6332"}],"wp:term":[{"taxonomy":"category","embeddable":true,"href":"https:\/\/www.cp-rup.com\/es\/wp-json\/wp\/v2\/categories?post=6332"},{"taxonomy":"post_tag","embeddable":true,"href":"https:\/\/www.cp-rup.com\/es\/wp-json\/wp\/v2\/tags?post=6332"}],"curies":[{"name":"wp","href":"https:\/\/api.w.org\/{rel}","templated":true}]}}