{"id":6349,"date":"2018-11-01T15:21:18","date_gmt":"2018-11-01T15:21:18","guid":{"rendered":"https:\/\/cp-rup.com\/?p=6349"},"modified":"2021-03-25T15:56:18","modified_gmt":"2021-03-25T15:56:18","slug":"europa-debe-mejorar-el-encaje-de-las-rup","status":"publish","type":"post","link":"https:\/\/www.cp-rup.com\/es\/europa-debe-mejorar-el-encaje-de-las-rup\/","title":{"rendered":"Europa debe mejorar el encaje de las RUP"},"content":{"rendered":"<p>11\/01\/2018<\/p>\n<p>El presidente del Gobierno de Canarias, Fernando Clavijo, ha subrayado hoy, jueves, la importancia del trabajo pol\u00edtico previsto para 2018 con el objetivo de fortalecer el protagonismo de las Regiones Ultraperif\u00e9ricas (RUP) en el seno de la Uni\u00f3n Europea (UE). En este sentido, el presidente canario destac\u00f3 que 2018 ser\u00e1 un \u00aba\u00f1o clave\u00bb para lograr \u00abafianzar el papel de las nueve Regiones Ultraperif\u00e9ricas en Europa\u00bb.<\/p>\n<p>Clavijo, que desde octubre pasado ejerce como presidente de turno de la Conferencia de Presidentes de las RUP, intervino hoy en un desayuno de trabajo celebrado en la sede de Presidencia en Santa Cruz de Tenerife<span style=\"text-decoration: line-through;\">.<\/span> \u00abEn el contexto actual\u00bb, indic\u00f3 el jefe del Ejecutivo canario, \u00abcon una Europa inmersa en un proceso de cambios derivado de nuevos desaf\u00edos como el Brexit, retos medioambientales y el propio cambio clim\u00e1tico, as\u00ed como el reto de la gesti\u00f3n de los flujos migratorios, se hace imprescindible coordinar esfuerzos entre las RUP para defender nuestro encaje en el contexto pol\u00edtico, econ\u00f3mico y social de todos los pa\u00edses que forman la UE\u00bb.<\/p>\n","protected":false},"excerpt":{"rendered":"<p>11\/01\/2018 El presidente del Gobierno de Canarias, Fernando Clavijo, ha subrayado hoy, jueves, la importancia del trabajo pol\u00edtico previsto para 2018 con el objetivo de fortalecer el protagonismo de las Regiones Ultraperif\u00e9ricas (RUP) en el seno de la Uni\u00f3n Europea (UE). En este sentido, el presidente canario destac\u00f3 que 2018 ser\u00e1 un \u00aba\u00f1o clave\u00bb para [&hellip;]<\/p>\n","protected":false},"author":37,"featured_media":1045,"comment_status":"open","ping_status":"open","sticky":false,"template":"","format":"standard","meta":{"_acf_changed":false,"footnotes":"","_links_to":"","_links_to_target":""},"categories":[231],"tags":[],"class_list":["post-6349","post","type-post","status-publish","format-standard","has-post-thumbnail","hentry","category-sin-categoria-es"],"acf":[],"_links":{"self":[{"href":"https:\/\/www.cp-rup.com\/es\/wp-json\/wp\/v2\/posts\/6349","targetHints":{"allow":["GET"]}}],"collection":[{"href":"https:\/\/www.cp-rup.com\/es\/wp-json\/wp\/v2\/posts"}],"about":[{"href":"https:\/\/www.cp-rup.com\/es\/wp-json\/wp\/v2\/types\/post"}],"author":[{"embeddable":true,"href":"https:\/\/www.cp-rup.com\/es\/wp-json\/wp\/v2\/users\/37"}],"replies":[{"embeddable":true,"href":"https:\/\/www.cp-rup.com\/es\/wp-json\/wp\/v2\/comments?post=6349"}],"version-history":[{"count":1,"href":"https:\/\/www.cp-rup.com\/es\/wp-json\/wp\/v2\/posts\/6349\/revisions"}],"predecessor-version":[{"id":6350,"href":"https:\/\/www.cp-rup.com\/es\/wp-json\/wp\/v2\/posts\/6349\/revisions\/6350"}],"wp:featuredmedia":[{"embeddable":true,"href":"https:\/\/www.cp-rup.com\/es\/wp-json\/wp\/v2\/media\/1045"}],"wp:attachment":[{"href":"https:\/\/www.cp-rup.com\/es\/wp-json\/wp\/v2\/media?parent=6349"}],"wp:term":[{"taxonomy":"category","embeddable":true,"href":"https:\/\/www.cp-rup.com\/es\/wp-json\/wp\/v2\/categories?post=6349"},{"taxonomy":"post_tag","embeddable":true,"href":"https:\/\/www.cp-rup.com\/es\/wp-json\/wp\/v2\/tags?post=6349"}],"curies":[{"name":"wp","href":"https:\/\/api.w.org\/{rel}","templated":true}]}}