{"id":7065,"date":"2020-03-25T11:11:11","date_gmt":"2020-03-25T11:11:11","guid":{"rendered":"https:\/\/cp-rup.com\/?p=7065"},"modified":"2021-04-29T11:15:40","modified_gmt":"2021-04-29T11:15:40","slug":"covid-19-un-mensaje-de-solidaridad-del-presidente-de-la-cprup","status":"publish","type":"post","link":"https:\/\/www.cp-rup.com\/es\/covid-19-un-mensaje-de-solidaridad-del-presidente-de-la-cprup\/","title":{"rendered":"COVID-19: UN MENSAJE DE SOLIDARIDAD DEL PRESIDENTE DE LA CPRUP"},"content":{"rendered":"<p>&nbsp;<\/p>\n<p><img loading=\"lazy\" decoding=\"async\" class=\" wp-image-4980 alignnone\" src=\"https:\/\/cp-rup.com\/wp-content\/uploads\/2020\/03\/DSC6151-300x200.jpg\" alt=\"\" width=\"243\" height=\"162\" srcset=\"https:\/\/www.cp-rup.com\/wp-content\/uploads\/2020\/03\/DSC6151-300x200.jpg 300w, https:\/\/www.cp-rup.com\/wp-content\/uploads\/2020\/03\/DSC6151-768x512.jpg 768w, https:\/\/www.cp-rup.com\/wp-content\/uploads\/2020\/03\/DSC6151-1024x683.jpg 1024w\" sizes=\"auto, (max-width: 243px) 100vw, 243px\" \/><\/p>\n<p>La comunidad internacional est\u00e1 gravemente afectada por el Coronavirus, conocido como COVID-19. Esta pandemia est\u00e1 provocando una crisis sanitaria, econ\u00f3mica y social con consecuencias dram\u00e1ticas. Europa sigue siendo el principal foco de propagaci\u00f3n del Coronavirus, con un elevado n\u00famero de casos confirmados y de fallecimientos.<\/p>\n<p>Actualmente, el avance de la pandemia en las nueve Regiones Ultraperif\u00e9ricas (RUP) es muy preocupante debido al car\u00e1cter excepcional del COVID-19 y de la situaci\u00f3n espec\u00edfica de nuestras regiones. El n\u00famero de casos no deja de aumentar en los \u00faltimos d\u00edas y nuestros territorios necesitan reforzar su capacidad de organizaci\u00f3n y de gesti\u00f3n, de manera contundente, para poder hacer frente a un considerable flujo de pacientes.<\/p>\n<p>Una de las medidas de protecci\u00f3n adoptadas para frenar la propagaci\u00f3n de esta pandemia es el cierre o la reducci\u00f3n dr\u00e1stica de las conexiones a\u00e9reas entre el continente y nuestros territorios, as\u00ed como el confinamiento de la poblaci\u00f3n.<\/p>\n<p>Me gustar\u00eda expresar toda mi solidaridad con los profesionales sanitarios que trabajan d\u00eda y noche para ofrecer la atenci\u00f3n necesaria a las personas afectadas por el virus. Asimismo, acojo con satisfacci\u00f3n las primeras medidas y acciones emprendidas por las autoridades europeas y nacionales. Agradezco a los presidentes de las regiones y colectividades territoriales la labor que est\u00e1n llevando a cabo diariamente para frenar la pandemia y prestar un importante apoyo al sector sanitario, econ\u00f3mico y social.<\/p>\n<p>Una vez m\u00e1s, las Regiones Ultraperif\u00e9ricas est\u00e1n convencidas de que la solidaridad es la \u00fanica v\u00eda para ganar esta batalla.<\/p>\n","protected":false},"excerpt":{"rendered":"<p>&nbsp; La comunidad internacional est\u00e1 gravemente afectada por el Coronavirus, conocido como COVID-19. Esta pandemia est\u00e1 provocando una crisis sanitaria, econ\u00f3mica y social con consecuencias dram\u00e1ticas. Europa sigue siendo el principal foco de propagaci\u00f3n del Coronavirus, con un elevado n\u00famero de casos confirmados y de fallecimientos. Actualmente, el avance de la pandemia en las nueve [&hellip;]<\/p>\n","protected":false},"author":37,"featured_media":0,"comment_status":"open","ping_status":"open","sticky":false,"template":"","format":"standard","meta":{"_acf_changed":false,"footnotes":"","_links_to":"","_links_to_target":""},"categories":[231],"tags":[],"class_list":["post-7065","post","type-post","status-publish","format-standard","hentry","category-sin-categoria-es"],"acf":[],"_links":{"self":[{"href":"https:\/\/www.cp-rup.com\/es\/wp-json\/wp\/v2\/posts\/7065","targetHints":{"allow":["GET"]}}],"collection":[{"href":"https:\/\/www.cp-rup.com\/es\/wp-json\/wp\/v2\/posts"}],"about":[{"href":"https:\/\/www.cp-rup.com\/es\/wp-json\/wp\/v2\/types\/post"}],"author":[{"embeddable":true,"href":"https:\/\/www.cp-rup.com\/es\/wp-json\/wp\/v2\/users\/37"}],"replies":[{"embeddable":true,"href":"https:\/\/www.cp-rup.com\/es\/wp-json\/wp\/v2\/comments?post=7065"}],"version-history":[{"count":2,"href":"https:\/\/www.cp-rup.com\/es\/wp-json\/wp\/v2\/posts\/7065\/revisions"}],"predecessor-version":[{"id":7067,"href":"https:\/\/www.cp-rup.com\/es\/wp-json\/wp\/v2\/posts\/7065\/revisions\/7067"}],"wp:attachment":[{"href":"https:\/\/www.cp-rup.com\/es\/wp-json\/wp\/v2\/media?parent=7065"}],"wp:term":[{"taxonomy":"category","embeddable":true,"href":"https:\/\/www.cp-rup.com\/es\/wp-json\/wp\/v2\/categories?post=7065"},{"taxonomy":"post_tag","embeddable":true,"href":"https:\/\/www.cp-rup.com\/es\/wp-json\/wp\/v2\/tags?post=7065"}],"curies":[{"name":"wp","href":"https:\/\/api.w.org\/{rel}","templated":true}]}}