{"id":7081,"date":"2021-05-05T15:18:54","date_gmt":"2021-05-05T15:18:54","guid":{"rendered":"https:\/\/cp-rup.com\/?p=7081"},"modified":"2021-05-12T12:33:29","modified_gmt":"2021-05-12T12:33:29","slug":"la-conferencia-de-presidentes-de-las-rup-logra-un-acuerdo-sobre-la-revision-de-la-estrategia-en-favor-de-las-regiones-ultraperifericas-para-2022","status":"publish","type":"post","link":"https:\/\/www.cp-rup.com\/es\/la-conferencia-de-presidentes-de-las-rup-logra-un-acuerdo-sobre-la-revision-de-la-estrategia-en-favor-de-las-regiones-ultraperifericas-para-2022\/","title":{"rendered":"La Conferencia de Presidentes de las RUP logra un acuerdo sobre la revisi\u00f3n de la estrategia en favor de las Regiones Ultraperif\u00e9ricas para 2022"},"content":{"rendered":"<p>04 mayo 2021<\/p>\n<p>El Presidente de la CPRUP, Presidente del Gobierno regional de Azores, Jos\u00e9 Manuel Bolieiro, ha presidido hoy, en Punta Delgada, el encuentro intermedio de la Conferencia de Presidentes de las Regiones Ultraperif\u00e9ricas (CPRUP), celebrado por videoconferencia.<\/p>\n<p>Los Presidentes de las RUP adoptaron una declaraci\u00f3n pol\u00edtica dirigida al Consejo de Asuntos Generales del pr\u00f3ximo 17 de mayo. Esta declaraci\u00f3n se centra en la renovaci\u00f3n y en la actualizaci\u00f3n de la estrategia de la Comisi\u00f3n Europea en favor de las RUP, con especial atenci\u00f3n, principalmente, al impacto socioecon\u00f3mico de la actual crisis sanitaria.<\/p>\n<p>La declaraci\u00f3n destaca que \u201cla vulnerabilidad de las RUP, reconocida en el art\u00edculo 349 del TFUE, se ha visto agravada por la pandemia originada por la COVID-19, perjudicando el desarrollo socioecon\u00f3mico de estas regiones\u201d<\/p>\n<p>\u201cEsta crisis sanitaria genera graves consecuencias en los sectores econ\u00f3micos, sobre todo en los sectores del turismo, de la organizaci\u00f3n de eventos y de la cultura, todos ellos especialmente debilitados y expuestos a una gran incertidumbre con respecto al futuro de su actividad. La recuperaci\u00f3n se prev\u00e9 ya m\u00e1s complicada y larga en las RUP debido a los condicionantes estructurales de sus mercados\u201d, seg\u00fan se desprende del texto adoptado hoy.<\/p>\n<p>La Declaraci\u00f3n ha sido presentada a la Comisi\u00f3n Europea y a la presidencia portuguesa del Consejo, con la participaci\u00f3n de los Secretarios de Estado de Asuntos Europeos de Espa\u00f1a y Francia, con motivo de una sesi\u00f3n espec\u00edfica.<\/p>\n<p>La Comisaria Elisa Ferreira ha respondido positivamente a la solicitud de los Presidentes de las RUP, comprometi\u00e9ndose a adaptar la estrategia europea de la ultraperiferia en colaboraci\u00f3n con las regiones y los Estados, y anunci\u00f3 la adopci\u00f3n de una nueva comunicaci\u00f3n por parte de la Comisi\u00f3n Europea en 2022, coincidiendo con la presidencia francesa del Consejo y con la presidencia martiniquense de la Conferencia de Presidentes de las RUP.<\/p>\n<p>Asimismo, celebr\u00f3 la organizaci\u00f3n de un debate sobre las potencialidades de las RUP durante el Consejo de Asuntos Generales del pr\u00f3ximo 17 de mayo, a iniciativa de la presidencia portuguesa, que permitir\u00e1 iniciar una reflexi\u00f3n acerca de las oportunidades de las RUP de cara al futuro.<\/p>\n<p>Por su parte, la Secretaria de Estado Ana Paula Zacar\u00edas, representante de la presidencia portuguesa del Consejo, se\u00f1al\u00f3 que considera oportuno poner en valor, junto con sus hom\u00f3logos de Francia y Espa\u00f1a, a las Regiones Ultraperif\u00e9ricas durante dicha reuni\u00f3n, pero tambi\u00e9n en el marco de la Conferencia sobre el futuro de Europa, que se lanzar\u00e1 el 9 de mayo.<\/p>\n<p>\u201cLos retos y las oportunidades que las RUP representan para Europa y para el mundo\u201d tambi\u00e9n se pusieron de manifiesto, durante las conclusiones de los trabajos, por parte de Jos\u00e9 Manuel Bolieiro, quien reiter\u00f3 la voluntad de acelerar el proceso de vacunaci\u00f3n contra la COVID-19 para que Azores pueda acoger la pr\u00f3xima Conferencia de Presidentes de las RUP de manera presencial.<\/p>\n<p>Azores asume la presidencia de la Conferencia durante un a\u00f1o, desde noviembre de 2020 hasta noviembre de 2021, fecha en la que se celebrar\u00e1 la XXVI Conferencia anual en la que Martinica comenzar\u00e1 su mandato.<\/p>\n<p>&nbsp;<\/p>\n","protected":false},"excerpt":{"rendered":"<p>04 mayo 2021 El Presidente de la CPRUP, Presidente del Gobierno regional de Azores, Jos\u00e9 Manuel Bolieiro, ha presidido hoy, en Punta Delgada, el encuentro intermedio de la Conferencia de Presidentes de las Regiones Ultraperif\u00e9ricas (CPRUP), celebrado por videoconferencia. Los Presidentes de las RUP adoptaron una declaraci\u00f3n pol\u00edtica dirigida al Consejo de Asuntos Generales del [&hellip;]<\/p>\n","protected":false},"author":37,"featured_media":7079,"comment_status":"open","ping_status":"open","sticky":false,"template":"","format":"standard","meta":{"_acf_changed":false,"footnotes":"","_links_to":"","_links_to_target":""},"categories":[231],"tags":[],"class_list":["post-7081","post","type-post","status-publish","format-standard","has-post-thumbnail","hentry","category-sin-categoria-es"],"acf":[],"_links":{"self":[{"href":"https:\/\/www.cp-rup.com\/es\/wp-json\/wp\/v2\/posts\/7081","targetHints":{"allow":["GET"]}}],"collection":[{"href":"https:\/\/www.cp-rup.com\/es\/wp-json\/wp\/v2\/posts"}],"about":[{"href":"https:\/\/www.cp-rup.com\/es\/wp-json\/wp\/v2\/types\/post"}],"author":[{"embeddable":true,"href":"https:\/\/www.cp-rup.com\/es\/wp-json\/wp\/v2\/users\/37"}],"replies":[{"embeddable":true,"href":"https:\/\/www.cp-rup.com\/es\/wp-json\/wp\/v2\/comments?post=7081"}],"version-history":[{"count":2,"href":"https:\/\/www.cp-rup.com\/es\/wp-json\/wp\/v2\/posts\/7081\/revisions"}],"predecessor-version":[{"id":7109,"href":"https:\/\/www.cp-rup.com\/es\/wp-json\/wp\/v2\/posts\/7081\/revisions\/7109"}],"wp:featuredmedia":[{"embeddable":true,"href":"https:\/\/www.cp-rup.com\/es\/wp-json\/wp\/v2\/media\/7079"}],"wp:attachment":[{"href":"https:\/\/www.cp-rup.com\/es\/wp-json\/wp\/v2\/media?parent=7081"}],"wp:term":[{"taxonomy":"category","embeddable":true,"href":"https:\/\/www.cp-rup.com\/es\/wp-json\/wp\/v2\/categories?post=7081"},{"taxonomy":"post_tag","embeddable":true,"href":"https:\/\/www.cp-rup.com\/es\/wp-json\/wp\/v2\/tags?post=7081"}],"curies":[{"name":"wp","href":"https:\/\/api.w.org\/{rel}","templated":true}]}}