{"id":7191,"date":"2021-05-28T15:21:27","date_gmt":"2021-05-28T15:21:27","guid":{"rendered":"https:\/\/cp-rup.com\/?p=7191"},"modified":"2021-06-02T15:22:27","modified_gmt":"2021-06-02T15:22:27","slug":"la-declaracion-de-azores-y-el-refuerzo-de-la-voz-de-las-regiones-ultraperifericas-y-de-los-entes-regionales-y-locales-en-las-decisiones-que-determinaran-el-futuro","status":"publish","type":"post","link":"https:\/\/www.cp-rup.com\/es\/la-declaracion-de-azores-y-el-refuerzo-de-la-voz-de-las-regiones-ultraperifericas-y-de-los-entes-regionales-y-locales-en-las-decisiones-que-determinaran-el-futuro\/","title":{"rendered":"La Declaraci\u00f3n de Azores y el refuerzo de la voz de las Regiones Ultraperif\u00e9ricas y de los entes regionales y locales en las decisiones que determinar\u00e1n el futuro."},"content":{"rendered":"<h4><strong>Ponta Delgada, a 28 de mayo de 2021<\/strong><\/h4>\n<p>&nbsp;<\/p>\n<p>El 28 de mayo de 2021, el Comit\u00e9 de las Regiones adopt\u00f3 la \u201cDeclaraci\u00f3n de Azores\u201d titulada \u201cAfrontar el impacto de la pandemia de COVID-19 mediante una asociaci\u00f3n estrat\u00e9gica con los entes locales y regionales\u201d, con motivo de la Mesa pol\u00edtica que se celebr\u00f3 de manera virtual en la regi\u00f3n aut\u00f3noma de Azores.<\/p>\n<p>Durante su intervenci\u00f3n, el presidente del Gobierno de Azores y presidente de la Conferencia de Presidentes de las Regiones Ultraperif\u00e9ricas, Jos\u00e9 Manuel Bolieiro, declar\u00f3:<\/p>\n<p>\u201cEste encuentro, organizado simb\u00f3licamente en Azores, tiene lugar en un momento particularmente complicado en la vida de los europeos. Reactivar Europa. Combatir la pandemia con todas las herramientas disponibles. Y conectar esta reactivaci\u00f3n, a trav\u00e9s del Mecanismo de Recuperaci\u00f3n y Resiliencia, con el futuro que queremos dise\u00f1ar. Un futuro verde y digital, forjado en la asociaci\u00f3n pol\u00edtica que nos marca el principio de subsidiariedad. Espero que las instituciones de la UE y nuestros Estados miembros tengan en cuenta esta Declaraci\u00f3n de Azores, reforzando as\u00ed la voz de las <strong>Regiones Ultraperif\u00e9ricas<\/strong> y de los entes regionales y locales en las decisiones que determinar\u00e1n el futuro de nuestras comunidades.\u201d<\/p>\n<p>&nbsp;<\/p>\n<p><strong>Ideas clave de la \u201cDeclaraci\u00f3n de Azores\u201d:<\/strong><\/p>\n<p>Preconiza la necesidad de combatir los efectos de la pandemia a trav\u00e9s de una asociaci\u00f3n estrat\u00e9gica con los entes locales y regionales.<\/p>\n<p>Destaca la necesidad de conceder una atenci\u00f3n particular a las Regiones Ultraperif\u00e9ricas en la estrategia de la UE para hacer frente al impacto de la pandemia de la COVID-19 y comenzar la reactivaci\u00f3n.<\/p>\n<p>Destaca que la estrategia de la Uni\u00f3n Europea para hacer frente al impacto socioecon\u00f3mico de la pandemia de la COVID-19 debe tener en cuenta las necesidades de todas las regiones, empezando por las m\u00e1s fr\u00e1giles y las m\u00e1s afectadas por la crisis. Por tanto, en aras de garantizar una reactivaci\u00f3n sostenible en la UE y de demostrar que la cohesi\u00f3n es un valor fundamental de la Uni\u00f3n, resulta indispensable conceder una atenci\u00f3n particular a las <strong>Regiones Ultraperif\u00e9ricas.<\/strong><\/p>\n<p>Celebra el reciente anuncio de la Comisi\u00f3n Europea, en el que afirma que seguir\u00e1 la recomendaci\u00f3n del CDR de adaptar la estrategia de la UE para las <strong>Regiones Ultraperif\u00e9ricas,<\/strong> a la luz de las graves consecuencias de la pandemia e invita a los entes nacionales y regionales a utilizar los planes de recuperaci\u00f3n como una oportunidad para reactivar sus econom\u00edas a trav\u00e9s de un enfoque inteligente y sostenible.<\/p>\n<p>Pide a la Comisi\u00f3n Europea que extreme la vigilancia, cercior\u00e1ndose, especialmente, de que los Estados miembros integran plenamente a los entes locales y regionales en la ejecuci\u00f3n de los planes nacionales de recuperaci\u00f3n y resiliencia, tras las fases de preparaci\u00f3n y presentaci\u00f3n.<\/p>\n","protected":false},"excerpt":{"rendered":"<p>Ponta Delgada, a 28 de mayo de 2021 &nbsp; El 28 de mayo de 2021, el Comit\u00e9 de las Regiones adopt\u00f3 la \u201cDeclaraci\u00f3n de Azores\u201d titulada \u201cAfrontar el impacto de la pandemia de COVID-19 mediante una asociaci\u00f3n estrat\u00e9gica con los entes locales y regionales\u201d, con motivo de la Mesa pol\u00edtica que se celebr\u00f3 de manera [&hellip;]<\/p>\n","protected":false},"author":38,"featured_media":0,"comment_status":"open","ping_status":"open","sticky":false,"template":"","format":"standard","meta":{"_acf_changed":false,"footnotes":"","_links_to":"","_links_to_target":""},"categories":[231],"tags":[],"class_list":["post-7191","post","type-post","status-publish","format-standard","hentry","category-sin-categoria-es"],"acf":[],"_links":{"self":[{"href":"https:\/\/www.cp-rup.com\/es\/wp-json\/wp\/v2\/posts\/7191","targetHints":{"allow":["GET"]}}],"collection":[{"href":"https:\/\/www.cp-rup.com\/es\/wp-json\/wp\/v2\/posts"}],"about":[{"href":"https:\/\/www.cp-rup.com\/es\/wp-json\/wp\/v2\/types\/post"}],"author":[{"embeddable":true,"href":"https:\/\/www.cp-rup.com\/es\/wp-json\/wp\/v2\/users\/38"}],"replies":[{"embeddable":true,"href":"https:\/\/www.cp-rup.com\/es\/wp-json\/wp\/v2\/comments?post=7191"}],"version-history":[{"count":1,"href":"https:\/\/www.cp-rup.com\/es\/wp-json\/wp\/v2\/posts\/7191\/revisions"}],"predecessor-version":[{"id":7192,"href":"https:\/\/www.cp-rup.com\/es\/wp-json\/wp\/v2\/posts\/7191\/revisions\/7192"}],"wp:attachment":[{"href":"https:\/\/www.cp-rup.com\/es\/wp-json\/wp\/v2\/media?parent=7191"}],"wp:term":[{"taxonomy":"category","embeddable":true,"href":"https:\/\/www.cp-rup.com\/es\/wp-json\/wp\/v2\/categories?post=7191"},{"taxonomy":"post_tag","embeddable":true,"href":"https:\/\/www.cp-rup.com\/es\/wp-json\/wp\/v2\/tags?post=7191"}],"curies":[{"name":"wp","href":"https:\/\/api.w.org\/{rel}","templated":true}]}}