{"id":7206,"date":"2021-05-17T10:27:11","date_gmt":"2021-05-17T10:27:11","guid":{"rendered":"https:\/\/cp-rup.com\/?p=7206"},"modified":"2021-06-04T10:29:03","modified_gmt":"2021-06-04T10:29:03","slug":"la-representante-de-la-presidencia-portuguesa-de-la-ue-defiende-la-utilizacion-de-las-regiones-ultraperifericas-como-laboratorios-inmunologicos","status":"publish","type":"post","link":"https:\/\/www.cp-rup.com\/es\/la-representante-de-la-presidencia-portuguesa-de-la-ue-defiende-la-utilizacion-de-las-regiones-ultraperifericas-como-laboratorios-inmunologicos\/","title":{"rendered":"LA REPRESENTANTE DE LA PRESIDENCIA PORTUGUESA DE LA UE DEFIENDE LA UTILIZACI\u00d3N DE LAS REGIONES ULTRAPERIF\u00c9RICAS COMO \u201cLABORATORIOS INMUNOL\u00d3GICOS\u201d"},"content":{"rendered":"<h4><strong>17 de mayo de 2021<\/strong><\/h4>\n<p>&nbsp;<\/p>\n<p>La Secretaria de Estado de Asuntos Europeos, Ana Paula Zacarias, como representante de la presidencia portuguesa de la UE, apoy\u00f3 hoy la utilizaci\u00f3n de las Regiones Ultraperif\u00e9ricas de la UE como \u201claboratorios inmunol\u00f3gicos\u201d.<\/p>\n<p>\u201cPodr\u00edamos utilizar a estas regiones como laboratorios inmunol\u00f3gicos, es decir, acelerar la vacunaci\u00f3n en estos territorios para que alcance el 100% y ver cu\u00e1les son los resultados y c\u00f3mo se comporta la poblaci\u00f3n\u201d, subray\u00f3 Ana Paula Zacarias durante una rueda de prensa, tras haber presidido la reuni\u00f3n de los Ministros de Asuntos Europeos, celebrada en Co\u00edmbra.<\/p>\n<p>Seg\u00fan la Secretaria de Estado, se trata de un \u201cllamamiento\u201d lanzado por el Presidente del Gobierno de Azores, Jos\u00e9 Manuel Bolieiro, que tambi\u00e9n particip\u00f3 en la reuni\u00f3n en calidad de presidente de la Conferencia de Presidentes de las Regiones Ultraperif\u00e9ricas (CPRUP).<\/p>\n<p>Al mencionar algunos de los ejemplos que convierten a las RUP en \u201claboratorios de futuro\u201d, la Secretaria de Estado hizo una menci\u00f3n especial al proyecto \u201cmuy interesante\u201d de los n\u00f3madas digitales en Madeira.<\/p>\n<p>Hemos creado \u201clas condiciones necesarias para que unas 6.000 personas interesadas, que ya se han ofrecido como candidatos, puedan trabajar all\u00ed\u201d, desde el centro de n\u00f3madas digitales, destac\u00f3, aludiendo a las \u201cbuen\u00edsimas condiciones\u201d tanto en lo que respecta al acceso a internet como al contacto con la comunidad local.<\/p>\n","protected":false},"excerpt":{"rendered":"<p>17 de mayo de 2021 &nbsp; La Secretaria de Estado de Asuntos Europeos, Ana Paula Zacarias, como representante de la presidencia portuguesa de la UE, apoy\u00f3 hoy la utilizaci\u00f3n de las Regiones Ultraperif\u00e9ricas de la UE como \u201claboratorios inmunol\u00f3gicos\u201d. \u201cPodr\u00edamos utilizar a estas regiones como laboratorios inmunol\u00f3gicos, es decir, acelerar la vacunaci\u00f3n en estos territorios [&hellip;]<\/p>\n","protected":false},"author":37,"featured_media":7207,"comment_status":"open","ping_status":"open","sticky":false,"template":"","format":"standard","meta":{"_acf_changed":false,"footnotes":"","_links_to":"","_links_to_target":""},"categories":[231],"tags":[],"class_list":["post-7206","post","type-post","status-publish","format-standard","has-post-thumbnail","hentry","category-sin-categoria-es"],"acf":[],"_links":{"self":[{"href":"https:\/\/www.cp-rup.com\/es\/wp-json\/wp\/v2\/posts\/7206","targetHints":{"allow":["GET"]}}],"collection":[{"href":"https:\/\/www.cp-rup.com\/es\/wp-json\/wp\/v2\/posts"}],"about":[{"href":"https:\/\/www.cp-rup.com\/es\/wp-json\/wp\/v2\/types\/post"}],"author":[{"embeddable":true,"href":"https:\/\/www.cp-rup.com\/es\/wp-json\/wp\/v2\/users\/37"}],"replies":[{"embeddable":true,"href":"https:\/\/www.cp-rup.com\/es\/wp-json\/wp\/v2\/comments?post=7206"}],"version-history":[{"count":1,"href":"https:\/\/www.cp-rup.com\/es\/wp-json\/wp\/v2\/posts\/7206\/revisions"}],"predecessor-version":[{"id":7208,"href":"https:\/\/www.cp-rup.com\/es\/wp-json\/wp\/v2\/posts\/7206\/revisions\/7208"}],"wp:featuredmedia":[{"embeddable":true,"href":"https:\/\/www.cp-rup.com\/es\/wp-json\/wp\/v2\/media\/7207"}],"wp:attachment":[{"href":"https:\/\/www.cp-rup.com\/es\/wp-json\/wp\/v2\/media?parent=7206"}],"wp:term":[{"taxonomy":"category","embeddable":true,"href":"https:\/\/www.cp-rup.com\/es\/wp-json\/wp\/v2\/categories?post=7206"},{"taxonomy":"post_tag","embeddable":true,"href":"https:\/\/www.cp-rup.com\/es\/wp-json\/wp\/v2\/tags?post=7206"}],"curies":[{"name":"wp","href":"https:\/\/api.w.org\/{rel}","templated":true}]}}