{"id":7235,"date":"2021-07-09T14:47:55","date_gmt":"2021-07-09T14:47:55","guid":{"rendered":"https:\/\/cp-rup.com\/?p=7235"},"modified":"2021-07-23T14:50:15","modified_gmt":"2021-07-23T14:50:15","slug":"la-comision-europea-emite-una-consulta-publica-para-renovar-la-asociacion-estrategica-con-las-regiones-ultraperifericas-rup","status":"publish","type":"post","link":"https:\/\/www.cp-rup.com\/es\/la-comision-europea-emite-una-consulta-publica-para-renovar-la-asociacion-estrategica-con-las-regiones-ultraperifericas-rup\/","title":{"rendered":"LA COMISI\u00d3N EUROPEA EMITE UNA CONSULTA P\u00daBLICA PARA RENOVAR LA ASOCIACI\u00d3N ESTRAT\u00c9GICA CON LAS REGIONES ULTRAPERIF\u00c9RICAS (RUP)"},"content":{"rendered":"<h4><strong>Ponta Delgada, 9 julio 2021<\/strong><\/h4>\n<p>&nbsp;<\/p>\n<p>En la reuni\u00f3n intermedia de la Conferencia de presidentes de las RUP, que se celebr\u00f3 el 3 de mayo, bajo la presidencia de la Regi\u00f3n de las Azores, los presidentes de las RUP adoptaron una declaraci\u00f3n pol\u00edtica com\u00fan destinada a dar un fuerte impulso a la renovaci\u00f3n de la estrategia en favor de las RUP; durante esta reuni\u00f3n pol\u00edtica de alto nivel, con la participaci\u00f3n de la Comisaria europea de Cohesi\u00f3n y Reformas y la Secretaria de Estado de asuntos europeos, en representaci\u00f3n de la presidencia portuguesa del Consejo, la Comisaria Ferreira anunci\u00f3 que la estrategia para las RUP ser\u00eda objeto de una revisi\u00f3n a trav\u00e9s de la adopci\u00f3n de una nueva comunicaci\u00f3n prevista para 2022.<\/p>\n<p>En este sentido, se ha publicado una <a href=\"https:\/\/ec.europa.eu\/info\/law\/better-regulation\/have-your-say\/initiatives\/13018-Regiones-ultraperifericas-Actualizacion-sobre-la-asociacion-estrategica-de-la-Comision-con-estas-regiones_es\">Consulta P\u00fablica europea<\/a> que seguir\u00e1 abierta <strong>hasta el 4 de noviembre de 2021 (media noche, hora de Bruselas). <\/strong>Las RUP se distinguen geogr\u00e1fica y jur\u00eddicamente de las otras regiones europeas. De hecho, el art\u00edculo 349 del Tratado de Funcionamiento de la UE permite la adopci\u00f3n de medidas espec\u00edficas para tener en cuenta sus limitaciones y singularidades.<\/p>\n<p>Desde 2004, la Comisi\u00f3n Europea ha adoptado regularmente, cada 4 o 5 a\u00f1os de media, una comunicaci\u00f3n para establecer y adaptar las prioridades de la asociaci\u00f3n con nuestras regiones. El objetivo es responder a las preocupaciones de las RUP en todas las pol\u00edticas de la UE, cuidando que las iniciativas estrat\u00e9gicas, la legislaci\u00f3n, los fondos y los correspondientes programas de la UE est\u00e9n adaptados a las especificidades de nuestras regiones, adem\u00e1s de ayudarlas a optimizar sus ventajas y a favorecer el crecimiento y la creaci\u00f3n de empleo.<\/p>\n<p>La <a href=\"https:\/\/ec.europa.eu\/regional_policy\/sources\/policy\/themes\/outermost-regions\/pdf\/rup_2017\/com_rup_partner_es.pdf\">actual comunicaci\u00f3n relativa a las regiones ultraperif\u00e9ricas<\/a> data de octubre de 2017 y es consecuencia del Memor\u00e1ndum RUP que present\u00f3 la Conferencia de presidentes de las RUP al presidente de la Comisi\u00f3n Europea en el Foro de la Ultraperiferia, celebrado ese mismo a\u00f1o.<\/p>\n<p>Esta revisi\u00f3n pretende adaptar esta estrategia para tener en cuenta el impacto negativo de la crisis de la Covid-19 en las RUP, por una parte, y las nuevas prioridades de la UE, como la transici\u00f3n digital y ecol\u00f3gica, por otra. La Comisi\u00f3n Europea desea, adem\u00e1s, reforzar el di\u00e1logo con las RUP y apoyarlas en la elaboraci\u00f3n y la puesta en marcha de sus estrategias de desarrollo regional.<\/p>\n<p>Las RUP se han comprometido a trabajar conjuntamente para aportar a la Comisi\u00f3n Europea, la instituci\u00f3n \u201cguardiana de los tratados\u201d, sus propuestas concretas para que sean tenidas en cuenta.<\/p>\n","protected":false},"excerpt":{"rendered":"<p>Ponta Delgada, 9 julio 2021 &nbsp; En la reuni\u00f3n intermedia de la Conferencia de presidentes de las RUP, que se celebr\u00f3 el 3 de mayo, bajo la presidencia de la Regi\u00f3n de las Azores, los presidentes de las RUP adoptaron una declaraci\u00f3n pol\u00edtica com\u00fan destinada a dar un fuerte impulso a la renovaci\u00f3n de la [&hellip;]<\/p>\n","protected":false},"author":38,"featured_media":0,"comment_status":"open","ping_status":"open","sticky":false,"template":"","format":"standard","meta":{"_acf_changed":false,"footnotes":"","_links_to":"","_links_to_target":""},"categories":[231],"tags":[],"class_list":["post-7235","post","type-post","status-publish","format-standard","hentry","category-sin-categoria-es"],"acf":[],"_links":{"self":[{"href":"https:\/\/www.cp-rup.com\/es\/wp-json\/wp\/v2\/posts\/7235","targetHints":{"allow":["GET"]}}],"collection":[{"href":"https:\/\/www.cp-rup.com\/es\/wp-json\/wp\/v2\/posts"}],"about":[{"href":"https:\/\/www.cp-rup.com\/es\/wp-json\/wp\/v2\/types\/post"}],"author":[{"embeddable":true,"href":"https:\/\/www.cp-rup.com\/es\/wp-json\/wp\/v2\/users\/38"}],"replies":[{"embeddable":true,"href":"https:\/\/www.cp-rup.com\/es\/wp-json\/wp\/v2\/comments?post=7235"}],"version-history":[{"count":2,"href":"https:\/\/www.cp-rup.com\/es\/wp-json\/wp\/v2\/posts\/7235\/revisions"}],"predecessor-version":[{"id":7239,"href":"https:\/\/www.cp-rup.com\/es\/wp-json\/wp\/v2\/posts\/7235\/revisions\/7239"}],"wp:attachment":[{"href":"https:\/\/www.cp-rup.com\/es\/wp-json\/wp\/v2\/media?parent=7235"}],"wp:term":[{"taxonomy":"category","embeddable":true,"href":"https:\/\/www.cp-rup.com\/es\/wp-json\/wp\/v2\/categories?post=7235"},{"taxonomy":"post_tag","embeddable":true,"href":"https:\/\/www.cp-rup.com\/es\/wp-json\/wp\/v2\/tags?post=7235"}],"curies":[{"name":"wp","href":"https:\/\/api.w.org\/{rel}","templated":true}]}}