{"id":7246,"date":"2021-09-10T14:02:40","date_gmt":"2021-09-10T14:02:40","guid":{"rendered":"https:\/\/cp-rup.com\/?p=7246"},"modified":"2021-09-10T14:02:40","modified_gmt":"2021-09-10T14:02:40","slug":"taller-ciudadania-verde-y-azul-en-las-regiones-ultraperifericas-de-la-ue-liderar-el-camino-hacia-un-futuro-comun-semana-europea-de-las-regiones-13-de-octubre-de-2021","status":"publish","type":"post","link":"https:\/\/www.cp-rup.com\/es\/taller-ciudadania-verde-y-azul-en-las-regiones-ultraperifericas-de-la-ue-liderar-el-camino-hacia-un-futuro-comun-semana-europea-de-las-regiones-13-de-octubre-de-2021\/","title":{"rendered":"Taller \u00abCiudadan\u00eda verde y azul en las regiones ultraperif\u00e9ricas de la UE: liderar el camino hacia un futuro com\u00fan\u00bb, Semana Europea de las Regiones, 13 de octubre de 2021"},"content":{"rendered":"<p>En el marco de la <a href=\"https:\/\/europa.eu\/regions-and-cities\/\">19\u00aa Semana Europea de las Regiones y Ciudades<\/a>, las Regiones Ultraperif\u00e9ricas (RUP) de la UE y la Unidad RUP de la Direcci\u00f3n General de Pol\u00edtica Regional y Urbana de la Comisi\u00f3n Europea, est\u00e1n organizando un Taller titulado \u00abCiudadan\u00eda verde y azul en las regiones ultraperif\u00e9ricas de la UE: liderar el camino hacia un futuro com\u00fan\u00bb que tendr\u00e1 lugar el pr\u00f3ximo 13 de octubre, de 16:30 a 18:00 horas (hora de Bruselas).<\/p>\n<p>El evento tiene como objetivo fomentar el debate y el intercambio de buenas pr\u00e1cticas sobre c\u00f3mo conseguir que los ciudadanos se impliquen m\u00e1s en la protecci\u00f3n del medio ambiente en las Regiones Ultraperif\u00e9ricas. Se debatir\u00e1n los procesos de formaci\u00f3n de la ciudadan\u00eda \u00abverde\u00bb y \u00abazul\u00bb con la presentaci\u00f3n de buenas pr\u00e1cticas y ejemplos de iniciativas lideradas por los ciudadanos en materia de protecci\u00f3n de los bosques y animales (verde) y de las actividades relacionadas con el mar (azul).<\/p>\n<p>La ciudadan\u00eda en el siglo XXI adquiere cada vez m\u00e1s nuevas dimensiones, extendi\u00e9ndose a los m\u00e1s variados temas, uniendo a ciudadanos de distintos lugares y condiciones de vida en la defensa de causas comunes. En las RUP, el valor \u00fanico de estos territorios y su riqueza en materia de biodiversidad, han dado lugar a nuevas ciudadan\u00edas \u00abmedioambientales\u00bb, \u00abazules\u00bb y \u00abverdes\u00bb, que re\u00fanen a diferentes actores, con una atenci\u00f3n creciente en las generaciones m\u00e1s j\u00f3venes.<\/p>\n<p>En este taller se debatir\u00e1n algunas de las iniciativas relevantes que se desarrollan en las RUP en el \u00e1mbito de la protecci\u00f3n de las especies, la conservaci\u00f3n mar\u00edtima y la alfabetizaci\u00f3n medioambiental, con especial atenci\u00f3n a los j\u00f3venes y a la educaci\u00f3n medioambiental. Esta sesi\u00f3n se enmarca en el contexto general de la transici\u00f3n verde definida en el Pacto Verde Europeo, y en la estrategia de la UE para las RUP, que pretende apoyar el cambio hacia una econom\u00eda m\u00e1s verde y sostenible.<\/p>\n<p>&nbsp;<\/p>\n<p><a href=\"https:\/\/eu.app.swapcard.com\/event\/eu-regions-week\">Inscripci\u00f3n<\/a> y <a href=\"https:\/\/eu.app.swapcard.com\/event\/eu-regions-week\/planning\/UGxhbm5pbmdfNjMxMDM2\">programa<\/a><\/p>\n","protected":false},"excerpt":{"rendered":"<p>En el marco de la 19\u00aa Semana Europea de las Regiones y Ciudades, las Regiones Ultraperif\u00e9ricas (RUP) de la UE y la Unidad RUP de la Direcci\u00f3n General de Pol\u00edtica Regional y Urbana de la Comisi\u00f3n Europea, est\u00e1n organizando un Taller titulado \u00abCiudadan\u00eda verde y azul en las regiones ultraperif\u00e9ricas de la UE: liderar el [&hellip;]<\/p>\n","protected":false},"author":37,"featured_media":0,"comment_status":"open","ping_status":"open","sticky":false,"template":"","format":"standard","meta":{"_acf_changed":false,"footnotes":"","_links_to":"","_links_to_target":""},"categories":[231],"tags":[],"class_list":["post-7246","post","type-post","status-publish","format-standard","hentry","category-sin-categoria-es"],"acf":[],"_links":{"self":[{"href":"https:\/\/www.cp-rup.com\/es\/wp-json\/wp\/v2\/posts\/7246","targetHints":{"allow":["GET"]}}],"collection":[{"href":"https:\/\/www.cp-rup.com\/es\/wp-json\/wp\/v2\/posts"}],"about":[{"href":"https:\/\/www.cp-rup.com\/es\/wp-json\/wp\/v2\/types\/post"}],"author":[{"embeddable":true,"href":"https:\/\/www.cp-rup.com\/es\/wp-json\/wp\/v2\/users\/37"}],"replies":[{"embeddable":true,"href":"https:\/\/www.cp-rup.com\/es\/wp-json\/wp\/v2\/comments?post=7246"}],"version-history":[{"count":1,"href":"https:\/\/www.cp-rup.com\/es\/wp-json\/wp\/v2\/posts\/7246\/revisions"}],"predecessor-version":[{"id":7247,"href":"https:\/\/www.cp-rup.com\/es\/wp-json\/wp\/v2\/posts\/7246\/revisions\/7247"}],"wp:attachment":[{"href":"https:\/\/www.cp-rup.com\/es\/wp-json\/wp\/v2\/media?parent=7246"}],"wp:term":[{"taxonomy":"category","embeddable":true,"href":"https:\/\/www.cp-rup.com\/es\/wp-json\/wp\/v2\/categories?post=7246"},{"taxonomy":"post_tag","embeddable":true,"href":"https:\/\/www.cp-rup.com\/es\/wp-json\/wp\/v2\/tags?post=7246"}],"curies":[{"name":"wp","href":"https:\/\/api.w.org\/{rel}","templated":true}]}}