{"id":7280,"date":"2021-10-20T15:56:51","date_gmt":"2021-10-20T15:56:51","guid":{"rendered":"https:\/\/cp-rup.com\/?p=7280"},"modified":"2021-10-20T15:56:51","modified_gmt":"2021-10-20T15:56:51","slug":"las-rup-participan-en-la-semana-europea-de-regiones-y-ciudades-de-bruselas","status":"publish","type":"post","link":"https:\/\/www.cp-rup.com\/es\/las-rup-participan-en-la-semana-europea-de-regiones-y-ciudades-de-bruselas\/","title":{"rendered":"LAS RUP PARTICIPAN EN LA SEMANA EUROPEA DE REGIONES Y CIUDADES DE BRUSELAS"},"content":{"rendered":"<p><img loading=\"lazy\" decoding=\"async\" class=\" wp-image-7295 alignleft\" src=\"https:\/\/cp-rup.com\/wp-content\/uploads\/2021\/10\/imagem_ministrodomar-e1634745043649-300x192.png\" alt=\"\" width=\"346\" height=\"221\" srcset=\"https:\/\/www.cp-rup.com\/wp-content\/uploads\/2021\/10\/imagem_ministrodomar-e1634745043649-300x192.png 300w, https:\/\/www.cp-rup.com\/wp-content\/uploads\/2021\/10\/imagem_ministrodomar-e1634745043649-768x491.png 768w, https:\/\/www.cp-rup.com\/wp-content\/uploads\/2021\/10\/imagem_ministrodomar-e1634745043649.png 788w\" sizes=\"auto, (max-width: 346px) 100vw, 346px\" \/><\/p>\n<p>&nbsp;<\/p>\n<p>&nbsp;<\/p>\n<p>&nbsp;<\/p>\n<p>&nbsp;<\/p>\n<p>&nbsp;<\/p>\n<p>Como parte del programa de la XIX Semana Europea de las Regiones y Ciudades, la Conferencia de Presidentes de las RUP, en colaboraci\u00f3n con la Comisi\u00f3n Europea (Unidad RUP de la DG REGIO), organiz\u00f3, el 13 de octubre, un taller titulado \u00abCiudadan\u00eda verde y azul en las regiones ultraperif\u00e9ricas de la UE: liderando el camino hacia un futuro com\u00fan \u00ab.<\/p>\n<p><img loading=\"lazy\" decoding=\"async\" class=\"size-medium wp-image-7253 alignleft\" src=\"https:\/\/cp-rup.com\/wp-content\/uploads\/2021\/10\/Sem-Titulo1-1-300x226.png\" alt=\"\" width=\"300\" height=\"226\" srcset=\"https:\/\/www.cp-rup.com\/wp-content\/uploads\/2021\/10\/Sem-Titulo1-1-300x226.png 300w, https:\/\/www.cp-rup.com\/wp-content\/uploads\/2021\/10\/Sem-Titulo1-1-768x578.png 768w, https:\/\/www.cp-rup.com\/wp-content\/uploads\/2021\/10\/Sem-Titulo1-1.png 778w\" sizes=\"auto, (max-width: 300px) 100vw, 300px\" \/><\/p>\n<p>&nbsp;<\/p>\n<p>Este taller permiti\u00f3 debatir y compartir iniciativas relevantes en las RUP en el \u00e1mbito de la protecci\u00f3n de especies, la conservaci\u00f3n mar\u00edtima y la alfabetizaci\u00f3n ambiental, orientado hacia los j\u00f3venes y la educaci\u00f3n ambiental, incluyendo la presentaci\u00f3n de buenas pr\u00e1cticas de las RUP: el proyecto SOS Cagarro de las Azores, la red PROMAR de Canarias y la red Educaci\u00f3n para el Medio Ambiente y Desarrollo Sostenible de Mayotte.<\/p>\n<p>&nbsp;<\/p>\n<p>La Semana Europea de las Regiones y Ciudades, una iniciativa de la Comisi\u00f3n Europea y el Comit\u00e9 de las Regiones que supone el mayor evento anual en Bruselas dedicado a la Pol\u00edtica de Cohesi\u00f3n, tuvo lugar del 11 al 14 de octubre bajo el lema \u201cJuntos por la recuperaci\u00f3n\u201d, contando este a\u00f1o con cerca de doce mil participantes, mil ponentes y trescientos eventos.<\/p>\n<p><img loading=\"lazy\" decoding=\"async\" class=\"alignright wp-image-7255\" src=\"https:\/\/cp-rup.com\/wp-content\/uploads\/2021\/10\/Sem-Titulo1-2-300x228.png\" alt=\"\" width=\"361\" height=\"275\" srcset=\"https:\/\/www.cp-rup.com\/wp-content\/uploads\/2021\/10\/Sem-Titulo1-2-300x228.png 300w, https:\/\/www.cp-rup.com\/wp-content\/uploads\/2021\/10\/Sem-Titulo1-2-768x583.png 768w, https:\/\/www.cp-rup.com\/wp-content\/uploads\/2021\/10\/Sem-Titulo1-2.png 782w\" sizes=\"auto, (max-width: 361px) 100vw, 361px\" \/><\/p>\n<p><img loading=\"lazy\" decoding=\"async\" class=\"wp-image-7256 alignleft\" src=\"https:\/\/cp-rup.com\/wp-content\/uploads\/2021\/10\/Sem-Titulo1-3-300x198.png\" alt=\"\" width=\"424\" height=\"279\" srcset=\"https:\/\/www.cp-rup.com\/wp-content\/uploads\/2021\/10\/Sem-Titulo1-3-300x198.png 300w, https:\/\/www.cp-rup.com\/wp-content\/uploads\/2021\/10\/Sem-Titulo1-3-768x506.png 768w, https:\/\/www.cp-rup.com\/wp-content\/uploads\/2021\/10\/Sem-Titulo1-3.png 908w\" sizes=\"auto, (max-width: 424px) 100vw, 424px\" \/><\/p>\n<p>&nbsp;<\/p>\n<p>&nbsp;<\/p>\n<p>&nbsp;<\/p>\n<p>&nbsp;<\/p>\n<p>&nbsp;<\/p>\n<p>&nbsp;<\/p>\n<p>&nbsp;<\/p>\n<p>&nbsp;<\/p>\n","protected":false},"excerpt":{"rendered":"<p>&nbsp; &nbsp; &nbsp; &nbsp; &nbsp; Como parte del programa de la XIX Semana Europea de las Regiones y Ciudades, la Conferencia de Presidentes de las RUP, en colaboraci\u00f3n con la Comisi\u00f3n Europea (Unidad RUP de la DG REGIO), organiz\u00f3, el 13 de octubre, un taller titulado \u00abCiudadan\u00eda verde y azul en las regiones ultraperif\u00e9ricas de [&hellip;]<\/p>\n","protected":false},"author":37,"featured_media":7307,"comment_status":"open","ping_status":"open","sticky":false,"template":"","format":"standard","meta":{"_acf_changed":false,"footnotes":"","_links_to":"","_links_to_target":""},"categories":[231],"tags":[],"class_list":["post-7280","post","type-post","status-publish","format-standard","has-post-thumbnail","hentry","category-sin-categoria-es"],"acf":[],"_links":{"self":[{"href":"https:\/\/www.cp-rup.com\/es\/wp-json\/wp\/v2\/posts\/7280","targetHints":{"allow":["GET"]}}],"collection":[{"href":"https:\/\/www.cp-rup.com\/es\/wp-json\/wp\/v2\/posts"}],"about":[{"href":"https:\/\/www.cp-rup.com\/es\/wp-json\/wp\/v2\/types\/post"}],"author":[{"embeddable":true,"href":"https:\/\/www.cp-rup.com\/es\/wp-json\/wp\/v2\/users\/37"}],"replies":[{"embeddable":true,"href":"https:\/\/www.cp-rup.com\/es\/wp-json\/wp\/v2\/comments?post=7280"}],"version-history":[{"count":2,"href":"https:\/\/www.cp-rup.com\/es\/wp-json\/wp\/v2\/posts\/7280\/revisions"}],"predecessor-version":[{"id":7308,"href":"https:\/\/www.cp-rup.com\/es\/wp-json\/wp\/v2\/posts\/7280\/revisions\/7308"}],"wp:featuredmedia":[{"embeddable":true,"href":"https:\/\/www.cp-rup.com\/es\/wp-json\/wp\/v2\/media\/7307"}],"wp:attachment":[{"href":"https:\/\/www.cp-rup.com\/es\/wp-json\/wp\/v2\/media?parent=7280"}],"wp:term":[{"taxonomy":"category","embeddable":true,"href":"https:\/\/www.cp-rup.com\/es\/wp-json\/wp\/v2\/categories?post=7280"},{"taxonomy":"post_tag","embeddable":true,"href":"https:\/\/www.cp-rup.com\/es\/wp-json\/wp\/v2\/tags?post=7280"}],"curies":[{"name":"wp","href":"https:\/\/api.w.org\/{rel}","templated":true}]}}