{"id":8248,"date":"2023-03-07T13:54:57","date_gmt":"2023-03-07T13:54:57","guid":{"rendered":"https:\/\/cp-rup.com\/?p=8248"},"modified":"2023-03-08T13:18:43","modified_gmt":"2023-03-08T13:18:43","slug":"dialogo-ciudadano-en-canarias-con-la-directora-hencsey-de-la-comision-europea","status":"publish","type":"post","link":"https:\/\/www.cp-rup.com\/es\/dialogo-ciudadano-en-canarias-con-la-directora-hencsey-de-la-comision-europea\/","title":{"rendered":"Di\u00e1logo Ciudadano en Canarias con la Directora Hencsey de la Comisi\u00f3n Europea."},"content":{"rendered":"<p>El presidente del Gobierno de Canarias y presidente de la Conferencia de Presidentes de las RUP, \u00c1ngel V\u00edctor TORRES, junto con la Directora de la Comisi\u00f3n Europea responsable de las RUP, Monika HENCSEY, han mantenido en la jornada de este 6 de marzo en Santa Cruz de Tenerife, Canarias, un \u2018Di\u00e1logo Ciudadano\u2019 para dar a conocer la visi\u00f3n de la Comisi\u00f3n sobre la implementaci\u00f3n\u00a0 de la Estrategia de la UE para las RUP.<\/p>\n<p>A dicho evento han asistido representantes y miembros de instituciones canarias como el Parlamento regional, los cabildos, los ayuntamientos, las universidades, las c\u00e1maras de comercio, las confederaciones de empresarios, las centrales sindicales, las organizaciones del tercer sector y expertos en \u00e1mbitos diversos como las nuevas tecnolog\u00edas, la innovaci\u00f3n, el transporte, las energ\u00edas, las emergencias, entre otros.<\/p>\n<p>El encuentro se ha desarrollado en diferentes bloques tem\u00e1ticos, centrados cada uno de ellos en la respuesta que proporciona la UE a las regiones ultraperif\u00e9ricas; en la transici\u00f3n sostenible (digitalizaci\u00f3n, medio ambiente, turismo, econom\u00eda verde y econom\u00eda azul); en los derechos sociales (pol\u00edticas de los cuidados, educaci\u00f3n, empleo, formaci\u00f3n o fen\u00f3meno migratorio); y en la soberan\u00eda estrat\u00e9gica (alimentaria, industrial y energ\u00e9tica).<\/p>\n<p>Esta sesi\u00f3n ha permitido crear un espacio de debate y de conocimiento mutuo sobre cu\u00e1les son los problemas a los que se enfrentan las regiones ultraperif\u00e9ricas europeas para lograr su completo desarrollo econ\u00f3mico y social, y cu\u00e1les son las oportunidades que ofrecen al conjunto de la Uni\u00f3n Europea.<\/p>\n<p>Al mismo tiempo ha supuesto una gran oportunidad para que la ciudadan\u00eda del archipi\u00e9lago participe y exprese sus opiniones, permitiendo adem\u00e1s reflexionar sobre el especial r\u00e9gimen de integraci\u00f3n de Canarias en la UE y sobre sus principales preocupaciones y expectativas.<\/p>\n<div id=\"metaslider-id-8268\" style=\"max-width: 1200px;\" class=\"ml-slider-3-20-3 metaslider metaslider-flex metaslider-8268 ml-slider\">\n    <div id=\"metaslider_container_8268\">\n        <div id=\"metaslider_8268\">\n            <ul aria-live=\"polite\" class=\"slides\">\n                <li style=\"display: block; width: 100%;\" class=\"slide-8275 ms-image\"><img loading=\"lazy\" decoding=\"async\" src=\"https:\/\/www.cp-rup.com\/wp-content\/uploads\/2023\/03\/230206_DIALOGOS_CIUDADANOS_GOBCAN_TC__-05-1200x400-1.jpg\" height=\"400\" width=\"1200\" alt=\"\" class=\"slider-8268 slide-8275\" title=\"230206_DIALOGOS_CIUDADANOS_GOBCAN_TC__-05-1200x400\" \/><\/li>\n                <li style=\"display: none; width: 100%;\" class=\"slide-8276 ms-image\"><img loading=\"lazy\" decoding=\"async\" src=\"https:\/\/www.cp-rup.com\/wp-content\/uploads\/2023\/03\/230206_DIALOGOS_CIUDADANOS_GOBCAN_TC__-16-1200x400-1.jpg\" height=\"400\" width=\"1200\" alt=\"\" class=\"slider-8268 slide-8276\" title=\"230206_DIALOGOS_CIUDADANOS_GOBCAN_TC__-16-1200x400\" \/><\/li>\n                <li style=\"display: none; width: 100%;\" class=\"slide-8277 ms-image\"><img loading=\"lazy\" decoding=\"async\" src=\"https:\/\/www.cp-rup.com\/wp-content\/uploads\/2023\/03\/230206_DIALOGOS_CIUDADANOS_GOBCAN_TC__-14-1200x400-1.jpg\" height=\"400\" width=\"1200\" alt=\"\" class=\"slider-8268 slide-8277\" title=\"230206_DIALOGOS_CIUDADANOS_GOBCAN_TC__-14-1200x400\" \/><\/li>\n            <\/ul>\n        <\/div>\n        \n    <\/div>\n<\/div>\n","protected":false},"excerpt":{"rendered":"<p>El presidente del Gobierno de Canarias y presidente de la Conferencia de Presidentes de las RUP, \u00c1ngel V\u00edctor TORRES, junto con la Directora de la Comisi\u00f3n Europea responsable de las RUP, Monika HENCSEY, han mantenido en la jornada de este 6 de marzo en Santa Cruz de Tenerife, Canarias, un \u2018Di\u00e1logo Ciudadano\u2019 para dar a [&hellip;]<\/p>\n","protected":false},"author":37,"featured_media":8258,"comment_status":"closed","ping_status":"closed","sticky":false,"template":"","format":"standard","meta":{"_acf_changed":false,"footnotes":"","_links_to":"","_links_to_target":""},"categories":[231],"tags":[],"class_list":["post-8248","post","type-post","status-publish","format-standard","has-post-thumbnail","hentry","category-sin-categoria-es"],"acf":[],"_links":{"self":[{"href":"https:\/\/www.cp-rup.com\/es\/wp-json\/wp\/v2\/posts\/8248","targetHints":{"allow":["GET"]}}],"collection":[{"href":"https:\/\/www.cp-rup.com\/es\/wp-json\/wp\/v2\/posts"}],"about":[{"href":"https:\/\/www.cp-rup.com\/es\/wp-json\/wp\/v2\/types\/post"}],"author":[{"embeddable":true,"href":"https:\/\/www.cp-rup.com\/es\/wp-json\/wp\/v2\/users\/37"}],"replies":[{"embeddable":true,"href":"https:\/\/www.cp-rup.com\/es\/wp-json\/wp\/v2\/comments?post=8248"}],"version-history":[{"count":2,"href":"https:\/\/www.cp-rup.com\/es\/wp-json\/wp\/v2\/posts\/8248\/revisions"}],"predecessor-version":[{"id":8278,"href":"https:\/\/www.cp-rup.com\/es\/wp-json\/wp\/v2\/posts\/8248\/revisions\/8278"}],"wp:featuredmedia":[{"embeddable":true,"href":"https:\/\/www.cp-rup.com\/es\/wp-json\/wp\/v2\/media\/8258"}],"wp:attachment":[{"href":"https:\/\/www.cp-rup.com\/es\/wp-json\/wp\/v2\/media?parent=8248"}],"wp:term":[{"taxonomy":"category","embeddable":true,"href":"https:\/\/www.cp-rup.com\/es\/wp-json\/wp\/v2\/categories?post=8248"},{"taxonomy":"post_tag","embeddable":true,"href":"https:\/\/www.cp-rup.com\/es\/wp-json\/wp\/v2\/tags?post=8248"}],"curies":[{"name":"wp","href":"https:\/\/api.w.org\/{rel}","templated":true}]}}