{"id":8457,"date":"2023-03-28T07:12:30","date_gmt":"2023-03-28T07:12:30","guid":{"rendered":"https:\/\/cp-rup.com\/?p=8457"},"modified":"2023-06-01T14:00:44","modified_gmt":"2023-06-01T14:00:44","slug":"aprobado-en-la-comision-regi-del-parlamento-europeo-el-informe-sobre-la-evaluacion-de-estrategia-de-la-ue-para-las-rup","status":"publish","type":"post","link":"https:\/\/www.cp-rup.com\/es\/aprobado-en-la-comision-regi-del-parlamento-europeo-el-informe-sobre-la-evaluacion-de-estrategia-de-la-ue-para-las-rup\/","title":{"rendered":"Aprobado en la Comisi\u00f3n REGI del Parlamento Europeo el Informe sobre la Evaluaci\u00f3n de Estrategia de la UE para las RUP"},"content":{"rendered":"<p>La Comisi\u00f3n de Desarrollo Regional del Parlamento Europeo ha adoptado por unanimidad el 22 de marzo de 2023 su <a href=\"https:\/\/cp-rup.com\/wp-content\/uploads\/2023\/06\/A-9-2023-0156_ES.pdf\"><em>Informe sobre la Evaluaci\u00f3n de la nueva Comunicaci\u00f3n de la Comisi\u00f3n Europea sobre las regiones ultraperif\u00e9ricas (2022\/2147(INI)).<\/em><\/a><\/p>\n<p>El informe, cuyo ponente ha sido el europarlamentario \u00c1lvaro AMARO (PPE, Portugal), apoya la estrategia de la Comisi\u00f3n Europea para las regiones ultraperif\u00e9ricas (RUP) de la UE, pero al mismo tiempo pide una atenci\u00f3n m\u00e1s sistem\u00e1tica a las necesidades de estas regiones en la legislaci\u00f3n y los programas de la UE y un mayor compromiso por parte de la Comisi\u00f3n para impulsar su competitividad.<\/p>\n<p>Entre otras tem\u00e1ticas aborda la problem\u00e1tica de la juventud de las RUP, cuya situaci\u00f3n social y perspectivas de futuro son una de las principales preocupaciones. Pide por tanto a la Comisi\u00f3n Europea que proponga actividades de formaci\u00f3n, aprendizaje y desarrollo de competencias para impulsar las oportunidades de empleo y frenar la fuga de cerebros, as\u00ed como un plan de acci\u00f3n para luchar contra el abandono escolar precoz.<\/p>\n<p>Del mismo modo, destaca la importancia del turismo para el desarrollo de estas regiones y subraya la necesidad de encontrar un equilibrio adecuado entre el desarrollo tur\u00edstico y la biodiversidad local espec\u00edfica, instando a la Comisi\u00f3n a que elabore una pol\u00edtica de turismo sostenible en las RUP.<\/p>\n<p>El presidente del Gobierno de Canarias y actual presidente de la Conferencia de Presidentes de las RUP, \u00c1ngel V\u00edctor TORRES, intervino de forma telem\u00e1tica en la sesi\u00f3n, con ocasi\u00f3n de la adopci\u00f3n del informe, aprovechando la oportunidad para, una vez m\u00e1s, reclamar que la ultraperiferia sea una apuesta permanente dentro de la pol\u00edtica de cohesi\u00f3n de la UE con el objetivo de lograr el mejor encaje posible de la diversidad territorial que representan las RUP en el seno de la UE.<\/p>\n<p>Puso especial \u00e9nfasis en la pol\u00edtica migratoria, en el desarrollo del paquete legislativo <em>Objetivo 55<\/em> y en el impulso de la cooperaci\u00f3n con los pa\u00edses terceros vecinos y socios de las RUP, y por tanto de la UE, en una senda equivalente a la que se est\u00e1 desplegando en el Mediterr\u00e1neo.<\/p>\n<p>Asimismo, subray\u00f3 la importancia de que el texto acoja las conclusiones alcanzadas por la Conferencia de Presidentes de las RUP en su Declaraci\u00f3n Final de noviembre de 2022, celebrada en el Parlamento Europeo, incluyendo muchas de sus demandas. Reclam\u00f3 igualmente una \u201cplena participaci\u00f3n de las autoridades de las RUP en las pol\u00edticas europeas\u201d dado que ello \u201crefuerza la legitimidad en la toma de decisiones de la UE\u201d.<\/p>\n<p>Finalmente, record\u00f3 que la Comisi\u00f3n Europea, en su octavo Informe sobre la Cohesi\u00f3n, concluye que el desarrollo de la UE ha de adaptarse a las ventajas competitivas de cada territorio y que las caracter\u00edsticas de las RUP son \u00fanicas en la UE, lo que dificulta la convergencia y requiere de una \u201cestrategia horizontal y vertebradora\u201d.<\/p>\n<p>Es por ello por lo que las RUP requieren de esas pol\u00edticas espec\u00edficas de la UE para compensar sus diferencias por la lejan\u00eda, el aislamiento y la insularidad, pero sobre todo para acercarlas a la media de renta per c\u00e1pita de la UE.<\/p>\n<div id=\"metaslider-id-8472\" style=\"max-width: 1170px; margin: 0 auto;\" class=\"ml-slider-3-20-3 metaslider metaslider-flex metaslider-8472 ml-slider\">\n    <div id=\"metaslider_container_8472\">\n        <div id=\"metaslider_8472\">\n            <ul aria-live=\"polite\" class=\"slides\">\n                <li style=\"display: block; width: 100%;\" class=\"slide-8473 ms-image\"><img loading=\"lazy\" decoding=\"async\" src=\"https:\/\/www.cp-rup.com\/wp-content\/uploads\/2023\/03\/Amaro02.jpg\" height=\"400\" width=\"1170\" alt=\"\" class=\"slider-8472 slide-8473\" title=\"Amaro02\" \/><\/li>\n                <li style=\"display: none; width: 100%;\" class=\"slide-8474 ms-image\"><img loading=\"lazy\" decoding=\"async\" src=\"https:\/\/www.cp-rup.com\/wp-content\/uploads\/2023\/03\/Amaro04.jpg\" height=\"400\" width=\"1170\" alt=\"\" class=\"slider-8472 slide-8474\" title=\"Amaro04\" \/><\/li>\n                <li style=\"display: none; width: 100%;\" class=\"slide-8475 ms-image\"><img loading=\"lazy\" decoding=\"async\" src=\"https:\/\/www.cp-rup.com\/wp-content\/uploads\/2023\/03\/Amaro01.jpg\" height=\"400\" width=\"1170\" alt=\"\" class=\"slider-8472 slide-8475\" title=\"Amaro01\" \/><\/li>\n            <\/ul>\n        <\/div>\n        \n    <\/div>\n<\/div>\n","protected":false},"excerpt":{"rendered":"<p>La Comisi\u00f3n de Desarrollo Regional del Parlamento Europeo ha adoptado por unanimidad el 22 de marzo de 2023 su Informe sobre la Evaluaci\u00f3n de la nueva Comunicaci\u00f3n de la Comisi\u00f3n Europea sobre las regiones ultraperif\u00e9ricas (2022\/2147(INI)). El informe, cuyo ponente ha sido el europarlamentario \u00c1lvaro AMARO (PPE, Portugal), apoya la estrategia de la Comisi\u00f3n Europea [&hellip;]<\/p>\n","protected":false},"author":37,"featured_media":8461,"comment_status":"closed","ping_status":"closed","sticky":false,"template":"","format":"standard","meta":{"_acf_changed":false,"footnotes":"","_links_to":"","_links_to_target":""},"categories":[231],"tags":[],"class_list":["post-8457","post","type-post","status-publish","format-standard","has-post-thumbnail","hentry","category-sin-categoria-es"],"acf":[],"_links":{"self":[{"href":"https:\/\/www.cp-rup.com\/es\/wp-json\/wp\/v2\/posts\/8457","targetHints":{"allow":["GET"]}}],"collection":[{"href":"https:\/\/www.cp-rup.com\/es\/wp-json\/wp\/v2\/posts"}],"about":[{"href":"https:\/\/www.cp-rup.com\/es\/wp-json\/wp\/v2\/types\/post"}],"author":[{"embeddable":true,"href":"https:\/\/www.cp-rup.com\/es\/wp-json\/wp\/v2\/users\/37"}],"replies":[{"embeddable":true,"href":"https:\/\/www.cp-rup.com\/es\/wp-json\/wp\/v2\/comments?post=8457"}],"version-history":[{"count":5,"href":"https:\/\/www.cp-rup.com\/es\/wp-json\/wp\/v2\/posts\/8457\/revisions"}],"predecessor-version":[{"id":8651,"href":"https:\/\/www.cp-rup.com\/es\/wp-json\/wp\/v2\/posts\/8457\/revisions\/8651"}],"wp:featuredmedia":[{"embeddable":true,"href":"https:\/\/www.cp-rup.com\/es\/wp-json\/wp\/v2\/media\/8461"}],"wp:attachment":[{"href":"https:\/\/www.cp-rup.com\/es\/wp-json\/wp\/v2\/media?parent=8457"}],"wp:term":[{"taxonomy":"category","embeddable":true,"href":"https:\/\/www.cp-rup.com\/es\/wp-json\/wp\/v2\/categories?post=8457"},{"taxonomy":"post_tag","embeddable":true,"href":"https:\/\/www.cp-rup.com\/es\/wp-json\/wp\/v2\/tags?post=8457"}],"curies":[{"name":"wp","href":"https:\/\/api.w.org\/{rel}","templated":true}]}}