{"id":10415,"date":"2026-01-15T11:14:33","date_gmt":"2026-01-15T11:14:33","guid":{"rendered":"https:\/\/www.cp-rup.com\/?p=10415"},"modified":"2026-01-15T11:14:33","modified_gmt":"2026-01-15T11:14:33","slug":"comite-de-suivi-decembre-2025","status":"publish","type":"post","link":"https:\/\/www.cp-rup.com\/fr\/comite-de-suivi-decembre-2025\/","title":{"rendered":"Comit\u00e9 de suivi &#8211; d\u00e9cembre 2025"},"content":{"rendered":"<p><\/p>\n<p style=\"text-align: justify; line-height: 115%;\"><span style=\"font-family: 'Garamond',serif;\">R\u00e9unies les 9 et 10 d\u00e9cembre 2025 dans le cadre du Comit\u00e9 de Suivi, les R\u00e9gions Ultrap\u00e9riph\u00e9riques (RUP) ont r\u00e9affirm\u00e9 leur mobilisation collective face aux n\u00e9gociations europ\u00e9ennes en cours et aux d\u00e9cisions structurantes \u00e0 venir. <\/span><\/p>\n<p style=\"text-align: justify; line-height: 115%;\"><span style=\"font-family: 'Garamond',serif;\">Les \u00e9changes ont mis en \u00e9vidence de fortes pr\u00e9occupations concernant l\u2019\u00e9volution des politiques europ\u00e9ennes, notamment sur les aspects budg\u00e9taires, \u00e9nerg\u00e9tiques et sectoriels. Les RUP soulignent l\u2019absence de garanties fermes quant au maintien de financements adapt\u00e9s \u00e0 leurs sp\u00e9cificit\u00e9s et rappellent la n\u00e9cessit\u00e9 d\u2019une reconnaissance pleine et enti\u00e8re de leurs r\u00e9alit\u00e9s structurelles.<\/span><\/p>\n<p style=\"text-align: justify; line-height: 115%;\"><span style=\"font-family: 'Garamond',serif;\">Dans un contexte institutionnel europ\u00e9en en \u00e9volution, marqu\u00e9 par des dynamiques politiques complexes, les R\u00e9gions appellent \u00e0 une vigilance accrue et \u00e0 un dialogue renforc\u00e9 avec l\u2019ensemble des acteurs institutionnels et politiques.<\/span><\/p>\n<p style=\"text-align: justify; line-height: 115%;\"><span style=\"font-family: 'Garamond',serif;\">Les RUP alertent \u00e9galement sur le besoin d\u2019un portage plus affirm\u00e9 de leurs priorit\u00e9s par les \u00c9tats membres et appellent \u00e0 une implication renforc\u00e9e des gouvernements nationaux, en particulier au niveau du Conseil de l\u2019Union europ\u00e9enne.<\/span><\/p>\n<p style=\"text-align: justify; line-height: 115%;\"><span style=\"font-family: 'Garamond',serif;\">Les \u00e9v\u00e9nements organis\u00e9s en novembre, \u00e0 l\u2019occasion des 30 ans du statut RUP, ont confirm\u00e9 la capacit\u00e9 des R\u00e9gions \u00e0 se mobiliser collectivement et \u00e0 porter une position commune forte. Cette dynamique s\u2019inscrit dans la poursuite de projets de coop\u00e9ration interr\u00e9gionale, tels que le projet REMOTE, et dans une coordination renforc\u00e9e des contributions aux consultations europ\u00e9ennes en cours.<\/span><\/p>\n<p style=\"text-align: justify; line-height: 115%;\"><span style=\"font-family: 'Garamond',serif;\">Unies et d\u00e9termin\u00e9es, les R\u00e9gions ultrap\u00e9riph\u00e9riques entendent continuer \u00e0 d\u00e9fendre activement leurs int\u00e9r\u00eats et \u00e0 peser dans les d\u00e9cisions europ\u00e9ennes qui fa\u00e7onneront leur avenir.<\/span><\/p>\n<p><img loading=\"lazy\" decoding=\"async\" class=\"alignnone size-medium wp-image-10417\" src=\"https:\/\/www.cp-rup.com\/wp-content\/uploads\/2026\/01\/IMG_0950-300x179.jpeg\" alt=\"\" width=\"300\" height=\"179\" srcset=\"https:\/\/www.cp-rup.com\/wp-content\/uploads\/2026\/01\/IMG_0950-300x179.jpeg 300w, https:\/\/www.cp-rup.com\/wp-content\/uploads\/2026\/01\/IMG_0950-1024x610.jpeg 1024w, https:\/\/www.cp-rup.com\/wp-content\/uploads\/2026\/01\/IMG_0950-768x458.jpeg 768w, https:\/\/www.cp-rup.com\/wp-content\/uploads\/2026\/01\/IMG_0950-1536x915.jpeg 1536w, https:\/\/www.cp-rup.com\/wp-content\/uploads\/2026\/01\/IMG_0950-2048x1220.jpeg 2048w\" sizes=\"auto, (max-width: 300px) 100vw, 300px\" \/><\/p>","protected":false},"excerpt":{"rendered":"<p>R\u00e9unies les 9 et 10 d\u00e9cembre 2025 dans le cadre du Comit\u00e9 de Suivi, les R\u00e9gions Ultrap\u00e9riph\u00e9riques (RUP) ont r\u00e9affirm\u00e9 leur mobilisation collective face aux n\u00e9gociations europ\u00e9ennes en cours et aux d\u00e9cisions structurantes \u00e0 venir. Les \u00e9changes ont mis en \u00e9vidence de fortes pr\u00e9occupations concernant l\u2019\u00e9volution des politiques europ\u00e9ennes, notamment sur les aspects budg\u00e9taires, \u00e9nerg\u00e9tiques [&hellip;]<\/p>\n","protected":false},"author":40,"featured_media":0,"comment_status":"closed","ping_status":"closed","sticky":false,"template":"","format":"standard","meta":{"_acf_changed":false,"footnotes":"","_links_to":"","_links_to_target":""},"categories":[223],"tags":[],"class_list":["post-10415","post","type-post","status-publish","format-standard","hentry","category-sin-categoria-fr"],"acf":[],"_links":{"self":[{"href":"https:\/\/www.cp-rup.com\/fr\/wp-json\/wp\/v2\/posts\/10415","targetHints":{"allow":["GET"]}}],"collection":[{"href":"https:\/\/www.cp-rup.com\/fr\/wp-json\/wp\/v2\/posts"}],"about":[{"href":"https:\/\/www.cp-rup.com\/fr\/wp-json\/wp\/v2\/types\/post"}],"author":[{"embeddable":true,"href":"https:\/\/www.cp-rup.com\/fr\/wp-json\/wp\/v2\/users\/40"}],"replies":[{"embeddable":true,"href":"https:\/\/www.cp-rup.com\/fr\/wp-json\/wp\/v2\/comments?post=10415"}],"version-history":[{"count":1,"href":"https:\/\/www.cp-rup.com\/fr\/wp-json\/wp\/v2\/posts\/10415\/revisions"}],"predecessor-version":[{"id":10418,"href":"https:\/\/www.cp-rup.com\/fr\/wp-json\/wp\/v2\/posts\/10415\/revisions\/10418"}],"wp:attachment":[{"href":"https:\/\/www.cp-rup.com\/fr\/wp-json\/wp\/v2\/media?parent=10415"}],"wp:term":[{"taxonomy":"category","embeddable":true,"href":"https:\/\/www.cp-rup.com\/fr\/wp-json\/wp\/v2\/categories?post=10415"},{"taxonomy":"post_tag","embeddable":true,"href":"https:\/\/www.cp-rup.com\/fr\/wp-json\/wp\/v2\/tags?post=10415"}],"curies":[{"name":"wp","href":"https:\/\/api.w.org\/{rel}","templated":true}]}}