{"id":10475,"date":"2026-04-29T13:53:24","date_gmt":"2026-04-29T13:53:24","guid":{"rendered":"https:\/\/www.cp-rup.com\/?p=10475"},"modified":"2026-04-29T13:53:24","modified_gmt":"2026-04-29T13:53:24","slug":"rencontre-avec-les-rapporteurs-dans-le-cadre-du-futur-ppnr","status":"publish","type":"post","link":"https:\/\/www.cp-rup.com\/fr\/rencontre-avec-les-rapporteurs-dans-le-cadre-du-futur-ppnr\/","title":{"rendered":"Rencontre avec les rapporteurs dans le cadre du futur PPNR"},"content":{"rendered":"<p><span style=\"font-weight: 400;\">Le 21 avril 2026, au Parlement europ\u00e9en, la pr\u00e9sidence de la Conf\u00e9rence des Pr\u00e9sidents des R\u00e9gions Ultrap\u00e9riph\u00e9riques (CPRUP) a organis\u00e9 une rencontre avec les rapporteurs Andrej Novakov et Pekka Katainen afin de pr\u00e9senter les amendements port\u00e9s par les RUP dans le cadre du futur rapport sur le r\u00e8glement Plans de Partenariat Nationaux et R\u00e9gionaux PPNR, en vue de sa pr\u00e9sentation pr\u00e9vu le 15 mai prochain.<\/span><\/p>\n<p><span style=\"font-weight: 400;\">Cette r\u00e9union s\u2019inscrit dans le travail de suivi et de d\u00e9fense des priorit\u00e9s des RUP dans la n\u00e9gociation des futurs instruments de coh\u00e9sion. La CPRUP a pr\u00e9sent\u00e9 ses propositions d\u2019amendements en insistant sur la n\u00e9cessit\u00e9 de pr\u00e9server un traitement sp\u00e9cifique des RUP dans les politiques europ\u00e9ennes, en particulier au regard de leurs contraintes structurelles permanentes. Les \u00e9changes ont \u00e9galement permis de rappeler les fondements de ces dispositifs et l\u2019importance de maintenir des allocations d\u00e9di\u00e9es, dans un contexte o\u00f9 aucun des rapporteurs n\u2019est issu des \u00c9tats directement concern\u00e9s.\u00a0<\/span><\/p>\n<p><span style=\"font-weight: 400;\">En effet, les RUP b\u00e9n\u00e9ficient d\u2019allocations financi\u00e8res sp\u00e9cifiques, indispensables pour r\u00e9pondre aux contraintes structurelles permanentes des RUP. \u00c0 ce titre :<\/span><\/p>\n<ul>\n<li style=\"font-weight: 400;\" aria-level=\"1\"><span style=\"font-weight: 400;\">FSE \/ FEDER \u2013 programmation 2014-2020 : enveloppe globale de 2,5 milliards d\u2019euros allou\u00e9e aux r\u00e9gions ultrap\u00e9riph\u00e9riques.<\/span><\/li>\n<li style=\"font-weight: 400;\" aria-level=\"1\"><span style=\"font-weight: 400;\">Allocation sp\u00e9cifique du FEDER pour la compensation des surco\u00fbts :<\/span>\n<ul>\n<li style=\"font-weight: 400;\" aria-level=\"2\"><span style=\"font-weight: 400;\">2007-2013 : 427 millions d\u2019euros<\/span><\/li>\n<li style=\"font-weight: 400;\" aria-level=\"2\"><span style=\"font-weight: 400;\">2014-2020 : 481 millions d\u2019euros<\/span><\/li>\n<\/ul>\n<\/li>\n<li style=\"font-weight: 400;\" aria-level=\"1\"><span style=\"font-weight: 400;\">POSEI (Programme d\u2019Options Sp\u00e9cifiques \u00e0 l\u2019\u00c9loignement et \u00e0 l\u2019Insularit\u00e9) : 628,5 millions d\u2019euros par an depuis 2011.<\/span><\/li>\n<\/ul>\n<p><img loading=\"lazy\" decoding=\"async\" class=\"alignnone size-medium wp-image-10476\" src=\"https:\/\/www.cp-rup.com\/wp-content\/uploads\/2026\/04\/PHOTO-2026-04-21-18-25-42-300x140.jpg\" alt=\"\" width=\"300\" height=\"140\" srcset=\"https:\/\/www.cp-rup.com\/wp-content\/uploads\/2026\/04\/PHOTO-2026-04-21-18-25-42-300x140.jpg 300w, https:\/\/www.cp-rup.com\/wp-content\/uploads\/2026\/04\/PHOTO-2026-04-21-18-25-42-1024x478.jpg 1024w, https:\/\/www.cp-rup.com\/wp-content\/uploads\/2026\/04\/PHOTO-2026-04-21-18-25-42-768x359.jpg 768w, https:\/\/www.cp-rup.com\/wp-content\/uploads\/2026\/04\/PHOTO-2026-04-21-18-25-42-1536x717.jpg 1536w, https:\/\/www.cp-rup.com\/wp-content\/uploads\/2026\/04\/PHOTO-2026-04-21-18-25-42.jpg 1600w\" sizes=\"auto, (max-width: 300px) 100vw, 300px\" \/><\/p>","protected":false},"excerpt":{"rendered":"<p>Le 21 avril 2026, au Parlement europ\u00e9en, la pr\u00e9sidence de la Conf\u00e9rence des Pr\u00e9sidents des R\u00e9gions Ultrap\u00e9riph\u00e9riques (CPRUP) a organis\u00e9 une rencontre avec les rapporteurs Andrej Novakov et Pekka Katainen afin de pr\u00e9senter les amendements port\u00e9s par les RUP dans le cadre du futur rapport sur le r\u00e8glement Plans de Partenariat Nationaux et R\u00e9gionaux PPNR, [&hellip;]<\/p>\n","protected":false},"author":40,"featured_media":10476,"comment_status":"closed","ping_status":"closed","sticky":false,"template":"","format":"standard","meta":{"_acf_changed":false,"footnotes":"","_links_to":"","_links_to_target":""},"categories":[223],"tags":[],"class_list":["post-10475","post","type-post","status-publish","format-standard","has-post-thumbnail","hentry","category-sin-categoria-fr"],"acf":[],"_links":{"self":[{"href":"https:\/\/www.cp-rup.com\/fr\/wp-json\/wp\/v2\/posts\/10475","targetHints":{"allow":["GET"]}}],"collection":[{"href":"https:\/\/www.cp-rup.com\/fr\/wp-json\/wp\/v2\/posts"}],"about":[{"href":"https:\/\/www.cp-rup.com\/fr\/wp-json\/wp\/v2\/types\/post"}],"author":[{"embeddable":true,"href":"https:\/\/www.cp-rup.com\/fr\/wp-json\/wp\/v2\/users\/40"}],"replies":[{"embeddable":true,"href":"https:\/\/www.cp-rup.com\/fr\/wp-json\/wp\/v2\/comments?post=10475"}],"version-history":[{"count":1,"href":"https:\/\/www.cp-rup.com\/fr\/wp-json\/wp\/v2\/posts\/10475\/revisions"}],"predecessor-version":[{"id":10479,"href":"https:\/\/www.cp-rup.com\/fr\/wp-json\/wp\/v2\/posts\/10475\/revisions\/10479"}],"wp:featuredmedia":[{"embeddable":true,"href":"https:\/\/www.cp-rup.com\/fr\/wp-json\/wp\/v2\/media\/10476"}],"wp:attachment":[{"href":"https:\/\/www.cp-rup.com\/fr\/wp-json\/wp\/v2\/media?parent=10475"}],"wp:term":[{"taxonomy":"category","embeddable":true,"href":"https:\/\/www.cp-rup.com\/fr\/wp-json\/wp\/v2\/categories?post=10475"},{"taxonomy":"post_tag","embeddable":true,"href":"https:\/\/www.cp-rup.com\/fr\/wp-json\/wp\/v2\/tags?post=10475"}],"curies":[{"name":"wp","href":"https:\/\/api.w.org\/{rel}","templated":true}]}}