{"id":4162,"date":"2018-12-10T16:25:26","date_gmt":"2018-12-10T16:25:26","guid":{"rendered":"https:\/\/cp-rup.com\/?p=4162"},"modified":"2021-03-20T02:52:51","modified_gmt":"2021-03-20T02:52:51","slug":"francais-lile-de-saint-martin-presidente-de-la-conference-des-presidents-des-rup","status":"publish","type":"post","link":"https:\/\/www.cp-rup.com\/fr\/francais-lile-de-saint-martin-presidente-de-la-conference-des-presidents-des-rup\/","title":{"rendered":"L\u2019\u00eele de Saint-Martin pr\u00e9sidente de la Conf\u00e9rence des Pr\u00e9sidents des RUP"},"content":{"rendered":"<p><img loading=\"lazy\" decoding=\"async\" class=\"alignnone size-full wp-image-4165 aligncenter\" src=\"https:\/\/cp-rup.com\/wp-content\/uploads\/2018\/12\/Logo-RUP-verti.png\" alt=\"\" width=\"178\" height=\"178\" srcset=\"https:\/\/www.cp-rup.com\/wp-content\/uploads\/2018\/12\/Logo-RUP-verti.png 178w, https:\/\/www.cp-rup.com\/wp-content\/uploads\/2018\/12\/Logo-RUP-verti-150x150.png 150w\" sizes=\"auto, (max-width: 178px) 100vw, 178px\" \/>C\u2019est \u00e0 l\u2019issue de la session partenariale qui s\u2019est tenue \u00e0 Gran Canaria, vendredi 23 novembre 2018, en pr\u00e9sence de la commissaire europ\u00e9enne Corina Cr\u00e9tu, que le Pr\u00e9sident de la collectivit\u00e9 de Saint-Martin, Daniel Gibbs, a officiellement endoss\u00e9 la pr\u00e9sidence de la Conf\u00e9rence des Pr\u00e9sidents des R\u00e9gions Ultra P\u00e9riph\u00e9riques d\u2019Europe (CPRUP), pour une dur\u00e9e d\u2019un an.<\/p>\n<p>Apr\u00e8s avoir \u00e9t\u00e9 nomm\u00e9 Pr\u00e9sident de l\u2019Association des RUP (ARUP) en avril 2018, le Pr\u00e9sident Gibbs a endoss\u00e9 la pr\u00e9sidence de la Conf\u00e9rence des Pr\u00e9sidents des RUP, lors de la passation entre les \u00eeles Canaries et Saint-Martin, vendredi \u00e0 Las Palmas.<\/p>\n<p>Les 9 RUP \u00e9taient repr\u00e9sent\u00e9es\u00a0; parmi elles, le Pr\u00e9sident du gouvernement r\u00e9gional de Mad\u00e8re Miguel Albuquerque, le Pr\u00e9sident du Conseil ex\u00e9cutif de la Martinique Alfred Marie-Jeanne, le Pr\u00e9sident du gouvernement des A\u00e7ores Vasco Codeiro, la vice-pr\u00e9sidente du Conseil r\u00e9gional de la Guadeloupe Marie-Luce Penchard, le vice-pr\u00e9sident de Mayotte Mohamed Sidi, la vice-pr\u00e9sidente de la R\u00e9union Yol\u00e8ne Costes, le vice-pr\u00e9sident de la Guyane Claude Plenet, le Pr\u00e9sident des \u00eeles Canaries Fernando Clavijo et le Pr\u00e9sident Daniel Gibbs.<\/p>\n<p>Lors de son intervention, notre pr\u00e9sident a rappel\u00e9 les grands enjeux de la pr\u00e9sidence de la CPRUP, qui peut para\u00eetre \u00e9loign\u00e9e d\u2019un point de vue local, mais qui va donner \u00e0 Saint-Martin un nouveau positionnement europ\u00e9en, et l\u2019opportunit\u00e9 de faire valoir ses int\u00e9r\u00eats et ceux des 8 autres r\u00e9gions ultrap\u00e9riph\u00e9riques.<\/p>\n<p>Le Pr\u00e9sident Gibbs l\u2019a dit, son objectif est de \u00ab poursuivre la d\u00e9fense des int\u00e9r\u00eats des RUP dans les n\u00e9gociations en cours portant sur les propositions l\u00e9gislatives et budg\u00e9taires post 2020 afin que les dispositions de l\u2019article 349 Trait\u00e9 sur le Fonctionnement de l\u2019Union Europ\u00e9enne (TFUE) soient pleinement et loyalement mises en \u0153uvre.\u00a0\u00bb.<\/p>\n<p>Il veillera aussi \u00e0 la r\u00e9ussite des actions de lobbying, \u00ab suivre attentivement les n\u00e9gociations au Parlement europ\u00e9en et au Conseil, agir pour que la situation sp\u00e9cifique des RUP soit toujours prise en compte et reconnue\u00a0\u00bb. Pour le Pr\u00e9sident, \u00ab\u00a0il faut mieux faire conna\u00eetre, et reconna\u00eetre, les RUP et leurs sp\u00e9cificit\u00e9s au niveau local, national et europ\u00e9en, notamment \u00e0 travers des actions conjointes et collaboratives dans des domaines d\u2019int\u00e9r\u00eat commun tels que le d\u00e9veloppement durable, la croissance bleue, le changement climatique et bien d\u2019autres, sans oublier l\u2019imp\u00e9ratif du rattrapage sur les infrastructures de base et le d\u00e9veloppement de nos potentiels.\u00a0\u00bb.<\/p>\n<p>\u00ab\u00a0Nos retards demeurent importants\u00a0: les faits sont t\u00eatus\u00a0! Nous devons donc les combler, avec nos propres forces bien entendu, mais aussi gr\u00e2ce aux solidarit\u00e9s nationales et europ\u00e9ennes. Nous devons donc continuer \u00e0 adopter l\u2019attitude responsable qui est la n\u00f4tre. \u00catre constructifs, sans rien l\u00e2cher, sans jamais oublier l\u2019imp\u00e9rieuse n\u00e9cessit\u00e9 de pr\u00e9server notre unit\u00e9 et nos coh\u00e9sions sociales. Dit autrement, et pour paraphraser Felix EBOUE, ni tendre la main, ni lever le poing\u2026\u00a0\u00bb, a conclu le Pr\u00e9sident avant d\u2019accepter la pr\u00e9sidence. Saint-Martin aura donc la t\u00e2che d\u2019organiser la 24<sup>e<\/sup> Conf\u00e9rence des Pr\u00e9sidents et d\u2019animer le groupe des RUP pour porter leurs attentes au sein de l\u2019Union europ\u00e9enne.<\/p>\n","protected":false},"excerpt":{"rendered":"<p>C\u2019est \u00e0 l\u2019issue de la session partenariale qui s\u2019est tenue \u00e0 Gran Canaria, vendredi 23 novembre 2018, en pr\u00e9sence de la commissaire europ\u00e9enne Corina Cr\u00e9tu, que le Pr\u00e9sident de la collectivit\u00e9 de Saint-Martin, Daniel Gibbs, a officiellement endoss\u00e9 la pr\u00e9sidence de la Conf\u00e9rence des Pr\u00e9sidents des R\u00e9gions Ultra P\u00e9riph\u00e9riques d\u2019Europe (CPRUP), pour une dur\u00e9e d\u2019un [&hellip;]<\/p>\n","protected":false},"author":45,"featured_media":4365,"comment_status":"open","ping_status":"open","sticky":false,"template":"","format":"standard","meta":{"_acf_changed":false,"footnotes":"","_links_to":"","_links_to_target":""},"categories":[223],"tags":[],"class_list":["post-4162","post","type-post","status-publish","format-standard","has-post-thumbnail","hentry","category-sin-categoria-fr"],"acf":[],"_links":{"self":[{"href":"https:\/\/www.cp-rup.com\/fr\/wp-json\/wp\/v2\/posts\/4162","targetHints":{"allow":["GET"]}}],"collection":[{"href":"https:\/\/www.cp-rup.com\/fr\/wp-json\/wp\/v2\/posts"}],"about":[{"href":"https:\/\/www.cp-rup.com\/fr\/wp-json\/wp\/v2\/types\/post"}],"author":[{"embeddable":true,"href":"https:\/\/www.cp-rup.com\/fr\/wp-json\/wp\/v2\/users\/45"}],"replies":[{"embeddable":true,"href":"https:\/\/www.cp-rup.com\/fr\/wp-json\/wp\/v2\/comments?post=4162"}],"version-history":[{"count":5,"href":"https:\/\/www.cp-rup.com\/fr\/wp-json\/wp\/v2\/posts\/4162\/revisions"}],"predecessor-version":[{"id":6277,"href":"https:\/\/www.cp-rup.com\/fr\/wp-json\/wp\/v2\/posts\/4162\/revisions\/6277"}],"wp:featuredmedia":[{"embeddable":true,"href":"https:\/\/www.cp-rup.com\/fr\/wp-json\/wp\/v2\/media\/4365"}],"wp:attachment":[{"href":"https:\/\/www.cp-rup.com\/fr\/wp-json\/wp\/v2\/media?parent=4162"}],"wp:term":[{"taxonomy":"category","embeddable":true,"href":"https:\/\/www.cp-rup.com\/fr\/wp-json\/wp\/v2\/categories?post=4162"},{"taxonomy":"post_tag","embeddable":true,"href":"https:\/\/www.cp-rup.com\/fr\/wp-json\/wp\/v2\/tags?post=4162"}],"curies":[{"name":"wp","href":"https:\/\/api.w.org\/{rel}","templated":true}]}}