{"id":4524,"date":"2019-07-16T14:54:48","date_gmt":"2019-07-16T14:54:48","guid":{"rendered":"https:\/\/cp-rup.com\/?p=4524"},"modified":"2021-03-25T11:18:48","modified_gmt":"2021-03-25T11:18:48","slug":"le-comite-de-suivi-reuni-a-bruxelles","status":"publish","type":"post","link":"https:\/\/www.cp-rup.com\/fr\/le-comite-de-suivi-reuni-a-bruxelles\/","title":{"rendered":"Le Comit\u00e9 de suivi r\u00e9uni \u00e0 Bruxelles."},"content":{"rendered":"<p>Il s\u2019est r\u00e9uni le 10 et 11 juillet \u00e0 Bruxelles. Les travaux \u00e0 l\u2019ordre du jour portaient sur la coop\u00e9ration territoriale europ\u00e9enne post 2020, les investissements interr\u00e9gionaux en mati\u00e8re d\u2019innovation, notre atelier \u00e0 la REGIO Week le 9 octobre, la rencontre des Pr\u00e9sidents \u00e0 Bruxelles en novembre et les contributions communes \u00e0 plusieurs consultations publiques lanc\u00e9es par la Commission en mati\u00e8re d\u2019aides d\u2019Etat et sur le R\u00e9seau Trans-europ\u00e9en de Transport (RTE-T).<\/p>\n<p>&nbsp;<\/p>\n<p><img loading=\"lazy\" decoding=\"async\" class=\" wp-image-4525 aligncenter\" src=\"https:\/\/cp-rup.com\/wp-content\/uploads\/2019\/07\/CDS-juillet-2-1024x768.jpg\" alt=\"\" width=\"489\" height=\"367\" srcset=\"https:\/\/www.cp-rup.com\/wp-content\/uploads\/2019\/07\/CDS-juillet-2-1024x768.jpg 1024w, https:\/\/www.cp-rup.com\/wp-content\/uploads\/2019\/07\/CDS-juillet-2-300x225.jpg 300w, https:\/\/www.cp-rup.com\/wp-content\/uploads\/2019\/07\/CDS-juillet-2-768x576.jpg 768w, https:\/\/www.cp-rup.com\/wp-content\/uploads\/2019\/07\/CDS-juillet-2.jpg 1920w\" sizes=\"auto, (max-width: 489px) 100vw, 489px\" \/><\/p>\n","protected":false},"excerpt":{"rendered":"<p>Il s\u2019est r\u00e9uni le 10 et 11 juillet \u00e0 Bruxelles. Les travaux \u00e0 l\u2019ordre du jour portaient sur la coop\u00e9ration territoriale europ\u00e9enne post 2020, les investissements interr\u00e9gionaux en mati\u00e8re d\u2019innovation, notre atelier \u00e0 la REGIO Week le 9 octobre, la rencontre des Pr\u00e9sidents \u00e0 Bruxelles en novembre et les contributions communes \u00e0 plusieurs consultations publiques [&hellip;]<\/p>\n","protected":false},"author":45,"featured_media":4526,"comment_status":"open","ping_status":"open","sticky":false,"template":"","format":"standard","meta":{"_acf_changed":false,"footnotes":"","_links_to":"","_links_to_target":""},"categories":[223],"tags":[],"class_list":["post-4524","post","type-post","status-publish","format-standard","has-post-thumbnail","hentry","category-sin-categoria-fr"],"acf":[],"_links":{"self":[{"href":"https:\/\/www.cp-rup.com\/fr\/wp-json\/wp\/v2\/posts\/4524","targetHints":{"allow":["GET"]}}],"collection":[{"href":"https:\/\/www.cp-rup.com\/fr\/wp-json\/wp\/v2\/posts"}],"about":[{"href":"https:\/\/www.cp-rup.com\/fr\/wp-json\/wp\/v2\/types\/post"}],"author":[{"embeddable":true,"href":"https:\/\/www.cp-rup.com\/fr\/wp-json\/wp\/v2\/users\/45"}],"replies":[{"embeddable":true,"href":"https:\/\/www.cp-rup.com\/fr\/wp-json\/wp\/v2\/comments?post=4524"}],"version-history":[{"count":4,"href":"https:\/\/www.cp-rup.com\/fr\/wp-json\/wp\/v2\/posts\/4524\/revisions"}],"predecessor-version":[{"id":6225,"href":"https:\/\/www.cp-rup.com\/fr\/wp-json\/wp\/v2\/posts\/4524\/revisions\/6225"}],"wp:featuredmedia":[{"embeddable":true,"href":"https:\/\/www.cp-rup.com\/fr\/wp-json\/wp\/v2\/media\/4526"}],"wp:attachment":[{"href":"https:\/\/www.cp-rup.com\/fr\/wp-json\/wp\/v2\/media?parent=4524"}],"wp:term":[{"taxonomy":"category","embeddable":true,"href":"https:\/\/www.cp-rup.com\/fr\/wp-json\/wp\/v2\/categories?post=4524"},{"taxonomy":"post_tag","embeddable":true,"href":"https:\/\/www.cp-rup.com\/fr\/wp-json\/wp\/v2\/tags?post=4524"}],"curies":[{"name":"wp","href":"https:\/\/api.w.org\/{rel}","templated":true}]}}