{"id":5584,"date":"2021-02-05T11:15:20","date_gmt":"2021-02-05T11:15:20","guid":{"rendered":"https:\/\/cp-rup.com\/?p=5584"},"modified":"2021-05-12T12:25:31","modified_gmt":"2021-05-12T12:25:31","slug":"francais-les-acores-assument-la-presidence-de-la-conference-des-regions-ultraperipheriques-de-lunion-europeenne","status":"publish","type":"post","link":"https:\/\/www.cp-rup.com\/fr\/francais-les-acores-assument-la-presidence-de-la-conference-des-regions-ultraperipheriques-de-lunion-europeenne\/","title":{"rendered":"Les A\u00e7ores assument la pr\u00e9sidence de la Conf\u00e9rence des r\u00e9gions ultrap\u00e9riph\u00e9riques de l&rsquo;Union europ\u00e9enne"},"content":{"rendered":"<p>27 novembre 2020<\/p>\n<p>Le pr\u00e9sident du gouvernement r\u00e9gional des A\u00e7ores, Jos\u00e9 Manuel Bolieiro, a soulign\u00e9 aujourd&rsquo;hui, \u00e0 Ponta Delgada, le \u00absens des responsabilit\u00e9s avec lequel les A\u00e7ores assument la pr\u00e9sidence de la Conf\u00e9rence des r\u00e9gions ultrap\u00e9riph\u00e9riques de l&rsquo;Union europ\u00e9enne\u00bb, conscient, sur le d&rsquo;une part, du \u00abhaut niveau auquel les pr\u00e9sidences pr\u00e9c\u00e9dentes nous ont habitu\u00e9s\u00bb et, d&rsquo;autre part, \u00abdes \u00e9normes d\u00e9fis auxquels nous sommes confront\u00e9s en cette p\u00e9riode de pand\u00e9mie, avec de forts impacts sur notre \u00e9conomie et nos populations\u00bb.<\/p>\n<p>Dans le discours de t\u00e9moignage de la pr\u00e9sidence des RUP, prononc\u00e9 par visioconf\u00e9rence, Jos\u00e9 Manuel Bolieiro a remerci\u00e9 la direction du pr\u00e9sident Ramadani et son \u00e9quipe, de Mayotte, \u00abpour l&rsquo;\u00e9norme travail accompli dans une p\u00e9riode aussi difficile, mais il \u00e9tait \u00e9galement temps pour quelques bonnes nouvelles pour le prochain cadre financier pluriannuel et le m\u00e9canisme de relance et de r\u00e9silience, soulignant que ce qui a \u00e9t\u00e9 accompli \u00abm&rsquo;inspire et me motive pour cette pr\u00e9sidence, mais au m\u00eame temps, me remplit de responsabilit\u00e9 et de concentration.\u00bb<\/p>\n<p>Selon le Pr\u00e9sident du Gouvernement des A\u00e7ores, le programme d\u2019action en pr\u00e9paration s\u2019articule autour de deux registres nucl\u00e9aires, \u00e0 savoir, d\u2019une part, \u00abla sauvegarde de la communaut\u00e9 acquise qui nous concerne et les r\u00e9alisations importantes que nous menons ensemble\u00bb Et, deuxi\u00e8mement, \u00ab pour la recherche d&rsquo;une nouvelle strat\u00e9gie europ\u00e9enne pour les RUP, une strat\u00e9gie int\u00e9grale, capable de s&rsquo;ouvrir aux diff\u00e9rents domaines de la vie contemporaine, capable d&rsquo;assurer la convergence de nos r\u00e9gions avec l&rsquo;Union europ\u00e9enne et, par cette voie, l&rsquo;accomplissement de la dignit\u00e9 \u00e9gale et pleine citoyennet\u00e9 europ\u00e9enne de nos communaut\u00e9s. \u00bb<\/p>\n<p>Le chef de l&rsquo;ex\u00e9cutif des A\u00e7ores a soulign\u00e9 que, d&rsquo;une part, \u00abnous chercherons \u00e0 amener l&rsquo;Europe aux A\u00e7ores et dans les autres r\u00e9gions ultrap\u00e9riph\u00e9riques, en promouvant une pr\u00e9sence encore plus grande de l&rsquo;Union et des r\u00e9gions ultrap\u00e9riph\u00e9riques dans la vie quotidienne de nos communaut\u00e9s. , \u00e0 commencer par les plus jeunes, qui sont notre avenir, et pour les \u00e9coles.<\/p>\n<p>D&rsquo;autre part, pour accentuer une pr\u00e9sence encore plus grande des r\u00e9gions ultrap\u00e9riph\u00e9riques dans l&rsquo;agenda europ\u00e9en, et \u00e0 cette fin, \u00abl&rsquo;Association de la Conf\u00e9rence des pr\u00e9sidents des r\u00e9gions ultrap\u00e9riph\u00e9riques de l&rsquo;Union europ\u00e9enne continuera sans aucun doute \u00e0 constituer un important et pr\u00e9cieux instrument catalyseur de notre action.<\/p>\n<p>\u00abNous proposons de cr\u00e9er un Laboratoire de Recherche RUP qui, en plus de rassembler nos Universit\u00e9s, s&rsquo;\u00e9tendra \u00e9galement aux Instituts Sup\u00e9rieurs, ainsi qu&rsquo;aux homologues continentaux disponibles pour collaborer avec nous dans les avis scientifiques de nos performances et dans l&rsquo;accumulation de masse critique \u00bb, a garanti le pr\u00e9sident du gouvernement, soulignant\u00ab les conditions uniques que nous avons, d\u00e8s le d\u00e9part, dans l&rsquo;environnement, la science, la technologie, la recherche, l&rsquo;\u00e9conomie bleue, circulaire, verte, parmi tant d&rsquo;autres domaines.<\/p>\n<p>Selon Jos\u00e9 Manuel Bolieiro, en p\u00e9riode de pand\u00e9mie, \u00ab\u00a0il est plus que jamais important de faire face aux faiblesses croissantes qui caract\u00e9risent nos r\u00e9gions, dans l&rsquo;\u00e9conomie et la sant\u00e9, ainsi que dans l&#8217;emploi, l&rsquo;\u00e9ducation et la culture en particulier\u00a0\u00bb , il faut aussi \u00abprofiter pleinement de la valeur ajout\u00e9e \u00e9vidente que nous pr\u00e9sentons et parier \u00e9galement sur l&rsquo;\u00e9conomie bleue et l&rsquo;\u00e9conomie verte, sur les \u00e9nergies renouvelables, sur le suivi, la lutte et l&rsquo;att\u00e9nuation du changement climatique.\u00bb<\/p>\n<p>En termes g\u00e9ostrat\u00e9giques, Jos\u00e9 Manuel Bolieiro a soulign\u00e9 \u00abl&rsquo;\u00e9tablissement de ponts entre les civilisations et la projection pour le monde des valeurs fondamentales sur lesquelles se fonde le projet europ\u00e9en: la paix, les droits de l&rsquo;homme, l&rsquo;\u00c9tat d\u00e9mocratique et le droit, transfrontalier coop\u00e9ration, entre autres. \u00a0\u00bb<\/p>\n<p>Jos\u00e9 Manuel Bolieiro a \u00e9galement soulign\u00e9 l\u2019honneur et le symbolisme de son premier acte officiel en tant que Pr\u00e9sident du Gouvernement, garantissant qu\u2019il sera \u00absans compromis dans la promotion de notre potentiel et la d\u00e9fense de nos int\u00e9r\u00eats et sp\u00e9cificit\u00e9s\u00bb.<\/p>\n<p>La source: <a href=\"https:\/\/portal.azores.gov.pt\/en\/web\/comunicacao\/news-detail?id=2335946\">https:\/\/portal.azores.gov.pt\/en\/web\/comunicacao\/news-detail?id=2335946<\/a><\/p>\n","protected":false},"excerpt":{"rendered":"<p>27 novembre 2020 Le pr\u00e9sident du gouvernement r\u00e9gional des A\u00e7ores, Jos\u00e9 Manuel Bolieiro, a soulign\u00e9 aujourd&rsquo;hui, \u00e0 Ponta Delgada, le \u00absens des responsabilit\u00e9s avec lequel les A\u00e7ores assument la pr\u00e9sidence de la Conf\u00e9rence des r\u00e9gions ultrap\u00e9riph\u00e9riques de l&rsquo;Union europ\u00e9enne\u00bb, conscient, sur le d&rsquo;une part, du \u00abhaut niveau auquel les pr\u00e9sidences pr\u00e9c\u00e9dentes nous ont habitu\u00e9s\u00bb et, [&hellip;]<\/p>\n","protected":false},"author":37,"featured_media":5576,"comment_status":"open","ping_status":"open","sticky":false,"template":"","format":"standard","meta":{"_acf_changed":false,"footnotes":"","_links_to":"","_links_to_target":""},"categories":[223],"tags":[],"class_list":["post-5584","post","type-post","status-publish","format-standard","has-post-thumbnail","hentry","category-sin-categoria-fr"],"acf":[],"_links":{"self":[{"href":"https:\/\/www.cp-rup.com\/fr\/wp-json\/wp\/v2\/posts\/5584","targetHints":{"allow":["GET"]}}],"collection":[{"href":"https:\/\/www.cp-rup.com\/fr\/wp-json\/wp\/v2\/posts"}],"about":[{"href":"https:\/\/www.cp-rup.com\/fr\/wp-json\/wp\/v2\/types\/post"}],"author":[{"embeddable":true,"href":"https:\/\/www.cp-rup.com\/fr\/wp-json\/wp\/v2\/users\/37"}],"replies":[{"embeddable":true,"href":"https:\/\/www.cp-rup.com\/fr\/wp-json\/wp\/v2\/comments?post=5584"}],"version-history":[{"count":3,"href":"https:\/\/www.cp-rup.com\/fr\/wp-json\/wp\/v2\/posts\/5584\/revisions"}],"predecessor-version":[{"id":7098,"href":"https:\/\/www.cp-rup.com\/fr\/wp-json\/wp\/v2\/posts\/5584\/revisions\/7098"}],"wp:featuredmedia":[{"embeddable":true,"href":"https:\/\/www.cp-rup.com\/fr\/wp-json\/wp\/v2\/media\/5576"}],"wp:attachment":[{"href":"https:\/\/www.cp-rup.com\/fr\/wp-json\/wp\/v2\/media?parent=5584"}],"wp:term":[{"taxonomy":"category","embeddable":true,"href":"https:\/\/www.cp-rup.com\/fr\/wp-json\/wp\/v2\/categories?post=5584"},{"taxonomy":"post_tag","embeddable":true,"href":"https:\/\/www.cp-rup.com\/fr\/wp-json\/wp\/v2\/tags?post=5584"}],"curies":[{"name":"wp","href":"https:\/\/api.w.org\/{rel}","templated":true}]}}