{"id":6121,"date":"2020-10-15T15:30:50","date_gmt":"2020-10-15T15:30:50","guid":{"rendered":"https:\/\/cp-rup.com\/?p=6121"},"modified":"2021-03-25T12:34:53","modified_gmt":"2021-03-25T12:34:53","slug":"la-xxve-conference-annuelle-des-presidents-des-rup-a-mayotte-sera-la-premiere-a-se-tenir-en-visioconference-les-26-et-27-novembre-2020","status":"publish","type":"post","link":"https:\/\/www.cp-rup.com\/fr\/la-xxve-conference-annuelle-des-presidents-des-rup-a-mayotte-sera-la-premiere-a-se-tenir-en-visioconference-les-26-et-27-novembre-2020\/","title":{"rendered":"La XXVe Conf\u00e9rence annuelle des pr\u00e9sidents des RUP \u00e0 Mayotte sera la premi\u00e8re \u00e0 se tenir en visioconf\u00e9rence les 26 et 27 novembre 2020"},"content":{"rendered":"<p class=\"p2\">Mamoudzou, le 15 octobre 2020<\/p>\n<p>&nbsp;<\/p>\n<p class=\"p2\"><b>La XXVe Conf\u00e9rence annuelle des pr\u00e9sidents des RUP \u00e0 Mayotte sera la premi\u00e8re \u00e0 se tenir en visioconf\u00e9rence les 26 et 27 novembre 2020<\/b><\/p>\n<p class=\"p1\"><i>\u00ab\u00a0Les incertitudes pesant sur la situation sanitaire nationale et europ\u00e9enne comme les retours \u00e9manant des diff\u00e9rentes institutions et des collectivit\u00e9s partenaires m\u2019ont conduit \u00e0 repenser la proposition d\u2019organisation de la XXVe Conf\u00e9rence des RUP\u00a0\u00bb<\/i><span class=\"Apple-converted-space\">\u00a0 <\/span>a indiqu\u00e9 le pr\u00e9sident Soibahadine Ibrahim Ramadani, Pr\u00e9sident du Conseil d\u00e9partemental de Mayotte et pr\u00e9sident de la Conf\u00e9rence des pr\u00e9sidents de r\u00e9gions <b>ultrap\u00e9riph\u00e9riques. <\/b><\/p>\n<p class=\"p1\"><b>Cette XXVe conf\u00e9rence se tiendra aux dates pr\u00e9vues \u2013 le jeudi 26 et le vendredi 27 novembre \u2013 en visioconf\u00e9rence<\/b>, \u00ab\u00a0ce qui nous semble le plus s\u00fbr moyen de tenir les d\u00e9bats essentiels \u00e0 la d\u00e9fense des int\u00e9r\u00eats des RUP\u00a0\u00bb pr\u00e9cise le pr\u00e9sident.<\/p>\n<p class=\"p1\"><b>Mayotte entend bien faire de cette Conf\u00e9rence annuelle un temps fort exemplaire du point de vue de la qualit\u00e9 technique, de l\u2019empreinte \u00e9cologique (moins de d\u00e9placements), mais aussi du point de vue de la promotion \u00e0 distance du territoire, en recherchant des moyens innovants de valorisation de l\u2019ile au lagon.<\/b> Les prestataires mobilis\u00e9s seront, majoritairement, locaux pour conserver des retomb\u00e9es importantes sur le territoire.<\/p>\n<p class=\"p1\"><i>\u00ab\u00a0Au-del\u00e0 du bilan d\u2019ores et d\u00e9j\u00e0 significatif de notre pr\u00e9sidence, nous entendons faire de cette 1e Conf\u00e9rence d\u00e9mat\u00e9rialis\u00e9e des Pr\u00e9sidents des R\u00e9gions Ultrap\u00e9riph\u00e9riques une vitrine de notre territoire, en lien avec les attentes fortes des habitants des r\u00e9gions concern\u00e9es\u00a0\u00bb<\/i> rappelle Soibahadine Ibrahim Ramadani.<\/p>\n<p class=\"p1\"><i>\u00ab\u00a0Les services du Conseil d\u00e9partemental de Mayotte que je pr\u00e9side se mettent d\u2019ores et d\u00e9j\u00e0 en ordre de marche pour cr\u00e9er les conditions d\u2019une Conf\u00e9rence moderne dans un format in\u00e9dit qui t\u00e9moignera de notre capacit\u00e9 d\u2019adaptation\u00a0\u00bb <\/i>note ainsi le pr\u00e9sident.<\/p>\n<p class=\"p1\">Si le format in\u00e9dit privil\u00e9giera la visioconf\u00e9rence avec les huit autres r\u00e9gions ultrap\u00e9riph\u00e9riques, les institutions europ\u00e9ennes et les \u00e9tats membres, l\u2019accueil physique existera tout de m\u00eame avec une invitation adress\u00e9e aux maires et principales autorit\u00e9s de l\u2019\u00eele pour la session partenariale du 27 novembre.<\/p>\n<p class=\"p1\">Sur le fond, le pr\u00e9sident note\u00a0: <i>\u00ab\u00a0Ces d\u00e9bats sont d\u2019autant plus cruciaux qu\u2019ils interviendront au moment m\u00eame o\u00f9 les n\u00e9gociations europ\u00e9ennes, de plus en plus intenses, doivent faire l\u2019objet d\u2019un accord d\u2019ici la fin de l\u2019ann\u00e9e afin de lancer la prochaine p\u00e9riode de programmation. Outre notre vigilance sur le prochain cadre l\u00e9gislatif, l\u2019impact n\u00e9gatif de la Covid-19 sur les \u00e9conomies insulaires ou enclav\u00e9es des RUP demeure une pr\u00e9occupation majeure\u00a0\u00bb.<\/i><\/p>\n<p class=\"p1\">Savoir s\u2019adapter \u00e0 une situation nouvelle, in\u00e9dite, c\u2019est non seulement le d\u00e9fi de cette Conf\u00e9rence des pr\u00e9sidents mais plus largement de cette pr\u00e9sidence mahoraise qui, sit\u00f4t entam\u00e9e en f\u00e9vrier 2020, a d\u00fb composer avec la pand\u00e9mie de Covid-19.<\/p>\n","protected":false},"excerpt":{"rendered":"<p>Mamoudzou, le 15 octobre 2020 &nbsp; La XXVe Conf\u00e9rence annuelle des pr\u00e9sidents des RUP \u00e0 Mayotte sera la premi\u00e8re \u00e0 se tenir en visioconf\u00e9rence les 26 et 27 novembre 2020 \u00ab\u00a0Les incertitudes pesant sur la situation sanitaire nationale et europ\u00e9enne comme les retours \u00e9manant des diff\u00e9rentes institutions et des collectivit\u00e9s partenaires m\u2019ont conduit \u00e0 repenser [&hellip;]<\/p>\n","protected":false},"author":37,"featured_media":5387,"comment_status":"open","ping_status":"open","sticky":false,"template":"","format":"standard","meta":{"_acf_changed":false,"footnotes":"","_links_to":"","_links_to_target":""},"categories":[223],"tags":[],"class_list":["post-6121","post","type-post","status-publish","format-standard","has-post-thumbnail","hentry","category-sin-categoria-fr"],"acf":[],"_links":{"self":[{"href":"https:\/\/www.cp-rup.com\/fr\/wp-json\/wp\/v2\/posts\/6121","targetHints":{"allow":["GET"]}}],"collection":[{"href":"https:\/\/www.cp-rup.com\/fr\/wp-json\/wp\/v2\/posts"}],"about":[{"href":"https:\/\/www.cp-rup.com\/fr\/wp-json\/wp\/v2\/types\/post"}],"author":[{"embeddable":true,"href":"https:\/\/www.cp-rup.com\/fr\/wp-json\/wp\/v2\/users\/37"}],"replies":[{"embeddable":true,"href":"https:\/\/www.cp-rup.com\/fr\/wp-json\/wp\/v2\/comments?post=6121"}],"version-history":[{"count":1,"href":"https:\/\/www.cp-rup.com\/fr\/wp-json\/wp\/v2\/posts\/6121\/revisions"}],"predecessor-version":[{"id":6122,"href":"https:\/\/www.cp-rup.com\/fr\/wp-json\/wp\/v2\/posts\/6121\/revisions\/6122"}],"wp:featuredmedia":[{"embeddable":true,"href":"https:\/\/www.cp-rup.com\/fr\/wp-json\/wp\/v2\/media\/5387"}],"wp:attachment":[{"href":"https:\/\/www.cp-rup.com\/fr\/wp-json\/wp\/v2\/media?parent=6121"}],"wp:term":[{"taxonomy":"category","embeddable":true,"href":"https:\/\/www.cp-rup.com\/fr\/wp-json\/wp\/v2\/categories?post=6121"},{"taxonomy":"post_tag","embeddable":true,"href":"https:\/\/www.cp-rup.com\/fr\/wp-json\/wp\/v2\/tags?post=6121"}],"curies":[{"name":"wp","href":"https:\/\/api.w.org\/{rel}","templated":true}]}}