{"id":6144,"date":"2020-07-16T16:39:50","date_gmt":"2020-07-16T16:39:50","guid":{"rendered":"https:\/\/cp-rup.com\/?p=6144"},"modified":"2021-03-24T20:05:49","modified_gmt":"2021-03-24T20:05:49","slug":"communique-de-presse","status":"publish","type":"post","link":"https:\/\/www.cp-rup.com\/fr\/communique-de-presse\/","title":{"rendered":"COMMUNIQU\u00c9 DE PRESSE"},"content":{"rendered":"<p>A la veille du Conseil europ\u00e9en, la Conf\u00e9rence des Pr\u00e9sidents des R\u00e9gions Ultrap\u00e9riph\u00e9riques souligne l\u2019urgence de parvenir \u00e0 un accord ambitieux global, permettant la mise en \u0153uvre, au 1er janvier 2021, du nouveau Cadre Financier 2021-2027 et des Programmes Op\u00e9rationnels dans un moment d\u00e9cisif pour le futur de l\u2019Europe et de ses citoyens.<\/p>\n<p>La Conf\u00e9rence des Pr\u00e9sidents des R\u00e9gions Ultrap\u00e9riph\u00e9riques plaide pour un accord qui vise \u00e0 :<\/p>\n<ul>\n<li>Mettre la politique de coh\u00e9sion au c\u0153ur du Cadre financier pluriannuel avec un budget plus ambitieux, sans aucune r\u00e9duction de la proposition pr\u00e9sent\u00e9e par la Commission Europ\u00e9enne ;<\/li>\n<li>Garantir un traitement conjoint des R\u00e9gions Ultrap\u00e9riph\u00e9riques dans la proposition du nouveau Cadre financier pluriannuel et maintenir le taux historique de cofinancement \u00e0 hauteur de 85% pour les RUP afin d\u2019accompagner la reprise et d\u2019assurer la convergence \u00e9conomique, sociale et territoriale des R\u00e9gions ultrap\u00e9riph\u00e9riques ;<\/li>\n<li>Renforcer les allocations budg\u00e9taires pour la politique agricole commune, y compris le POSEI, pour lequel il doit \u00eatre garanti, \u00e0 minima, le montant de la p\u00e9riode actuelle, et la politique commune de la p\u00eache ;<\/li>\n<li>Garantir le caract\u00e8re additionnel de la nouvelle allocation surco\u00fbt du FSE +, laquelle ne saurait \u00eatre cr\u00e9\u00e9e par un simple red\u00e9ploiement de l\u2019actuelle allocation surco\u00fbt du FEDER ;<\/li>\n<li>Augmenter la dotation propos\u00e9e \u00e0 30 euros, avec garantie d\u2019application au long de tout l\u2019horizon temporel du REACT-EU (2020 \u2013 2022) par un traitement conjoint pour l&rsquo;ensemble des R\u00e9gions Ultrap\u00e9riph\u00e9riques et cela sans remise en question de l&rsquo;allocation additionnelle envisag\u00e9e sur les fonds structurels tel que propos\u00e9 ;<\/li>\n<li>Garantir un pr\u00e9financement de 100% des fonds structurels, dans le cadre de REACT-EU, dans les r\u00e9gions ultrap\u00e9riph\u00e9riques pour favoriser leur relance \u00e9conomique compte tenu de leurs limitations budg\u00e9taires \u00e0 cause de la crise ;<\/li>\n<li>Garantir, lors de la r\u00e9partition des enveloppes nationaux du REACT EU, une prise en compte de l\u2019impact important de la crise dans les R\u00e9gions ultrap\u00e9riph\u00e9riques ;<\/li>\n<li>Mettre en \u0153uvre la \u00ab Facilit\u00e9 pour la reprise et la r\u00e9silience \u00bb en impliquant les RUP par une approche territoriale et en incluant un chapitre qui leur soit sp\u00e9cifiquement d\u00e9di\u00e9 dans le cadre des futurs plans nationaux lesquels devront \u00eatre co-construits ;<\/li>\n<li>Favoriser les investissements destin\u00e9s \u00e0 renforcer la r\u00e9silience des appareils sanitaires de ses r\u00e9gions et leur donner les moyens de faire face aux nouvelles crises qui pourraient se produire. Les R\u00e9gions ultrap\u00e9riph\u00e9riques doivent notamment pouvoir pleinement b\u00e9n\u00e9ficier du nouveau programme de l\u2019UE pour la sant\u00e9 ainsi que du programme RescEU;<\/li>\n<li>Assurer l\u2019application de mesures renforc\u00e9es de contr\u00f4le des passagers pour les r\u00e9gions ultrap\u00e9riph\u00e9riques qui le souhaitent, en r\u00e9alisant des tests en amont afin de trouver un \u00e9quilibre entre s\u00e9curit\u00e9 sanitaire de la population et des visiteurs, et une reprise \u00e9conomique sans risque ;<\/li>\n<li>Investir pour r\u00e9duire le d\u00e9ficit d\u2019accessibilit\u00e9 et la fracture num\u00e9rique dans les R\u00e9gions ultrap\u00e9riph\u00e9riques afin d\u2019am\u00e9liorer l\u2019acc\u00e8s de leurs populations, notamment les plus vuln\u00e9rables, aux outils collaboratifs ;<\/li>\n<li>Adapter les crit\u00e8res d\u2019\u00e9ligibilit\u00e9 du M\u00e9canisme pour une transition juste afin qu\u2019il ne soit pas ax\u00e9 uniquement sur des r\u00e9gions \u00e0 forte intensit\u00e9 de carbone mais que la transition \u00e9cologique par la d\u00e9-carbonisation des \u00e9conomies des R\u00e9gions ultrap\u00e9riph\u00e9riques soit aussi pleinement soutenue, en ligne avec la position du Parlement Europ\u00e9en ;<\/li>\n<li>Veiller \u00e0 ce que la future taxe sur les \u00e9missions de CO2 ne constitue pas un obstacle suppl\u00e9mentaire pour la connectivit\u00e9 des r\u00e9gions ultrap\u00e9riph\u00e9riques ;<\/li>\n<li>D\u00e9cliner des mesures sp\u00e9cifiques pour les RUP dans le paquet \u00ab Tourisme et transports \u00bb, en reconnaissant leur d\u00e9pendance aux transports a\u00e9riens et maritimes et l\u2019importance du tourisme pour leurs \u00e9conomies.<\/li>\n<\/ul>\n<p>Dans ce contexte d\u00e9terminant, la Conf\u00e9rence des Pr\u00e9sidents des R\u00e9gions ultrap\u00e9riph\u00e9riques est pr\u00eate \u00e0 s\u2019engager dans les travaux de la future \u00ab Conf\u00e9rence sur l\u2019Avenir de l\u2019Europe \u00bb, qui mobilisera les citoyens europ\u00e9ens, et au sein de laquelle une attention particuli\u00e8re devra \u00eatre port\u00e9e \u00e0 l\u2019Ultrap\u00e9riph\u00e9rie.<\/p>\n","protected":false},"excerpt":{"rendered":"<p>A la veille du Conseil europ\u00e9en, la Conf\u00e9rence des Pr\u00e9sidents des R\u00e9gions Ultrap\u00e9riph\u00e9riques souligne l\u2019urgence de parvenir \u00e0 un accord ambitieux global, permettant la mise en \u0153uvre, au 1er janvier 2021, du nouveau Cadre Financier 2021-2027 et des Programmes Op\u00e9rationnels dans un moment d\u00e9cisif pour le futur de l\u2019Europe et de ses citoyens. La Conf\u00e9rence [&hellip;]<\/p>\n","protected":false},"author":37,"featured_media":5051,"comment_status":"open","ping_status":"open","sticky":false,"template":"","format":"standard","meta":{"_acf_changed":false,"footnotes":"","_links_to":"","_links_to_target":""},"categories":[223],"tags":[],"class_list":["post-6144","post","type-post","status-publish","format-standard","has-post-thumbnail","hentry","category-sin-categoria-fr"],"acf":[],"_links":{"self":[{"href":"https:\/\/www.cp-rup.com\/fr\/wp-json\/wp\/v2\/posts\/6144","targetHints":{"allow":["GET"]}}],"collection":[{"href":"https:\/\/www.cp-rup.com\/fr\/wp-json\/wp\/v2\/posts"}],"about":[{"href":"https:\/\/www.cp-rup.com\/fr\/wp-json\/wp\/v2\/types\/post"}],"author":[{"embeddable":true,"href":"https:\/\/www.cp-rup.com\/fr\/wp-json\/wp\/v2\/users\/37"}],"replies":[{"embeddable":true,"href":"https:\/\/www.cp-rup.com\/fr\/wp-json\/wp\/v2\/comments?post=6144"}],"version-history":[{"count":1,"href":"https:\/\/www.cp-rup.com\/fr\/wp-json\/wp\/v2\/posts\/6144\/revisions"}],"predecessor-version":[{"id":6145,"href":"https:\/\/www.cp-rup.com\/fr\/wp-json\/wp\/v2\/posts\/6144\/revisions\/6145"}],"wp:featuredmedia":[{"embeddable":true,"href":"https:\/\/www.cp-rup.com\/fr\/wp-json\/wp\/v2\/media\/5051"}],"wp:attachment":[{"href":"https:\/\/www.cp-rup.com\/fr\/wp-json\/wp\/v2\/media?parent=6144"}],"wp:term":[{"taxonomy":"category","embeddable":true,"href":"https:\/\/www.cp-rup.com\/fr\/wp-json\/wp\/v2\/categories?post=6144"},{"taxonomy":"post_tag","embeddable":true,"href":"https:\/\/www.cp-rup.com\/fr\/wp-json\/wp\/v2\/tags?post=6144"}],"curies":[{"name":"wp","href":"https:\/\/api.w.org\/{rel}","templated":true}]}}