{"id":6157,"date":"2020-07-14T00:50:23","date_gmt":"2020-07-14T00:50:23","guid":{"rendered":"https:\/\/cp-rup.com\/?p=6157"},"modified":"2021-03-29T11:14:56","modified_gmt":"2021-03-29T11:14:56","slug":"rencontre-de-la-conference-des-presidents-des-regions-ultraperipheriques","status":"publish","type":"post","link":"https:\/\/www.cp-rup.com\/fr\/rencontre-de-la-conference-des-presidents-des-regions-ultraperipheriques\/","title":{"rendered":"Rencontre de la Conf\u00e9rence des Pr\u00e9sidents des R\u00e9gions Ultrap\u00e9riph\u00e9riques"},"content":{"rendered":"<p>La Conf\u00e9rence des Pr\u00e9sidents des R\u00e9gions Ultrap\u00e9riph\u00e9riques (CPRUP), dont la pr\u00e9sidence est actuellement exerc\u00e9e par la r\u00e9gion fran\u00e7aise de Mayotte, organise une r\u00e9union virtuelle de ses pr\u00e9sidents le 15 juillet 2020, en amont du prochain Conseil europ\u00e9en des 17-18 juillet, au cours duquel les chefs d&rsquo;\u00c9tat ou de gouvernement de l&rsquo;UE devraient parvenir \u00e0 un accord sur le plan de relance de l&rsquo;UE et sur le budget de l&rsquo;UE pour la prochaine p\u00e9riode de programmation.<\/p>\n<p>L&rsquo;objectif de cette rencontre politique est d&rsquo;adopter la position commune de la CPRUP sur \u00abLa relance et la r\u00e9silience des R\u00e9gions Ultrap\u00e9riph\u00e9riques apr\u00e8s la COVID-19\u00bb. Tel qu\u2019annonc\u00e9 dans sa lettre aux institutions europ\u00e9ennes du 7 avril 2020, la Conf\u00e9rence des Pr\u00e9sidents des R\u00e9gions Ultrap\u00e9riph\u00e9riques expose la r\u00e9alit\u00e9 des RUP face \u00e0 la crise sanitaire, \u00e9conomique et sociale d\u00e9riv\u00e9e de la pand\u00e9mie de la COVID-19. Cette position commune fait \u00e9tat des d\u00e9fis auxquels les RUP sont confront\u00e9es du fait de leur vuln\u00e9rabilit\u00e9 et des mesures \u00e0 adopter en vue de les surmonter \u00e0 court et moyen terme. Pour les RUP, c\u2019est aussi l\u2019occasion de r\u00e9it\u00e9rer leurs demandes telles qu\u2019exprim\u00e9es en f\u00e9vrier dernier par rapport au futur cadre financier pluriannuel, notamment la n\u00e9cessit\u00e9 de placer la politique de coh\u00e9sion au c\u0153ur du futur budget de l\u2019UE.<\/p>\n<p>Dans le cadre de cette rencontre, la Conf\u00e9rence des Pr\u00e9sidents des RUP a \u00e9galement souhait\u00e9 des \u00e9changes avec la Commissaire europ\u00e9enne \u00e0 la Coh\u00e9sion et aux r\u00e9formes, Madame Elisa Ferreira, et avec le pr\u00e9sident de la commission d\u00e9veloppement r\u00e9gional du Parlement europ\u00e9en, Monsieur Younous Omarjee.<\/p>\n<p>Cette rencontre constitue un point d\u2019\u00e9tape important de la pr\u00e9sidence de Mayotte dans le cadre de la CPRUP, qui place la question de l\u2019Ultrap\u00e9riph\u00e9rie au c\u0153ur de la relance europ\u00e9enne.<\/p>\n","protected":false},"excerpt":{"rendered":"<p>La Conf\u00e9rence des Pr\u00e9sidents des R\u00e9gions Ultrap\u00e9riph\u00e9riques (CPRUP), dont la pr\u00e9sidence est actuellement exerc\u00e9e par la r\u00e9gion fran\u00e7aise de Mayotte, organise une r\u00e9union virtuelle de ses pr\u00e9sidents le 15 juillet 2020, en amont du prochain Conseil europ\u00e9en des 17-18 juillet, au cours duquel les chefs d&rsquo;\u00c9tat ou de gouvernement de l&rsquo;UE devraient parvenir \u00e0 un [&hellip;]<\/p>\n","protected":false},"author":37,"featured_media":4984,"comment_status":"open","ping_status":"open","sticky":false,"template":"","format":"standard","meta":{"_acf_changed":false,"footnotes":"","_links_to":"","_links_to_target":""},"categories":[223],"tags":[],"class_list":["post-6157","post","type-post","status-publish","format-standard","has-post-thumbnail","hentry","category-sin-categoria-fr"],"acf":[],"_links":{"self":[{"href":"https:\/\/www.cp-rup.com\/fr\/wp-json\/wp\/v2\/posts\/6157","targetHints":{"allow":["GET"]}}],"collection":[{"href":"https:\/\/www.cp-rup.com\/fr\/wp-json\/wp\/v2\/posts"}],"about":[{"href":"https:\/\/www.cp-rup.com\/fr\/wp-json\/wp\/v2\/types\/post"}],"author":[{"embeddable":true,"href":"https:\/\/www.cp-rup.com\/fr\/wp-json\/wp\/v2\/users\/37"}],"replies":[{"embeddable":true,"href":"https:\/\/www.cp-rup.com\/fr\/wp-json\/wp\/v2\/comments?post=6157"}],"version-history":[{"count":1,"href":"https:\/\/www.cp-rup.com\/fr\/wp-json\/wp\/v2\/posts\/6157\/revisions"}],"predecessor-version":[{"id":6158,"href":"https:\/\/www.cp-rup.com\/fr\/wp-json\/wp\/v2\/posts\/6157\/revisions\/6158"}],"wp:featuredmedia":[{"embeddable":true,"href":"https:\/\/www.cp-rup.com\/fr\/wp-json\/wp\/v2\/media\/4984"}],"wp:attachment":[{"href":"https:\/\/www.cp-rup.com\/fr\/wp-json\/wp\/v2\/media?parent=6157"}],"wp:term":[{"taxonomy":"category","embeddable":true,"href":"https:\/\/www.cp-rup.com\/fr\/wp-json\/wp\/v2\/categories?post=6157"},{"taxonomy":"post_tag","embeddable":true,"href":"https:\/\/www.cp-rup.com\/fr\/wp-json\/wp\/v2\/tags?post=6157"}],"curies":[{"name":"wp","href":"https:\/\/api.w.org\/{rel}","templated":true}]}}