{"id":6160,"date":"2020-02-11T16:52:28","date_gmt":"2020-02-11T16:52:28","guid":{"rendered":"https:\/\/cp-rup.com\/?p=6160"},"modified":"2021-03-24T20:14:15","modified_gmt":"2021-03-24T20:14:15","slug":"24eme-conference-des-presidents-des-rup-passation-de-la-presidence-au-conseil-departemental-de-mayotte","status":"publish","type":"post","link":"https:\/\/www.cp-rup.com\/fr\/24eme-conference-des-presidents-des-rup-passation-de-la-presidence-au-conseil-departemental-de-mayotte\/","title":{"rendered":"24\u00e8me Conf\u00e9rence des Pr\u00e9sidents des RUP : passation de la pr\u00e9sidence au Conseil d\u00e9partemental de Mayotte"},"content":{"rendered":"<p>La 24<sup>\u00e8me<\/sup> Conf\u00e9rence des Pr\u00e9sidents des RUP s\u2019est tenue \u00e0 Saint-Martin du 5 au 8 f\u00e9vrier 2020, un rendez-vous important \u00e0 l\u2019heure o\u00f9 les n\u00e9gociations sur le prochain Cadre financier pluriannuel (CFP) entament les derni\u00e8res \u00e9ch\u00e9ances.<\/p>\n<p>Cette rencontre a en effet r\u00e9uni l\u2019ensemble des RUP et leurs repr\u00e9sentants mais \u00e9galement ceux de la Commission europ\u00e9enne, du Parlement europ\u00e9en et des Etats membres. <img loading=\"lazy\" decoding=\"async\" class=\"wp-image-4945 aligncenter\" src=\"https:\/\/cp-rup.com\/wp-content\/uploads\/2020\/02\/photo-2798610-300x184.jpg\" alt=\"\" width=\"397\" height=\"243\" srcset=\"https:\/\/www.cp-rup.com\/wp-content\/uploads\/2020\/02\/photo-2798610-300x184.jpg 300w, https:\/\/www.cp-rup.com\/wp-content\/uploads\/2020\/02\/photo-2798610-768x472.jpg 768w, https:\/\/www.cp-rup.com\/wp-content\/uploads\/2020\/02\/photo-2798610-1024x629.jpg 1024w, https:\/\/www.cp-rup.com\/wp-content\/uploads\/2020\/02\/photo-2798610.jpg 1280w\" sizes=\"auto, (max-width: 397px) 100vw, 397px\" \/>Les RUP ont \u00e0 cette occasion adopt\u00e9 la D\u00e9claration finale de cette 24<sup>\u00e8me<\/sup> CPRUP, dans laquelle elles rappellent la n\u00e9cessaire application pleine et enti\u00e8re de l\u2019article 349 du TFUE dans l\u2019actuelle r\u00e9forme des politiques europ\u00e9ennes post 2020, afin de garantir l\u2019adoption de dispositifs r\u00e9glementaires et budg\u00e9taires renforc\u00e9s et adapt\u00e9s en faveur des RUP. Elles ont \u00e9galement r\u00e9it\u00e9r\u00e9 leur engagement \u00e0 poursuivre les travaux engag\u00e9s en \u00e9troite collaboration avec les institutions europ\u00e9ennes, dans le cadre d\u2019un partenariat renforc\u00e9.<\/p>\n<p><img loading=\"lazy\" decoding=\"async\" class=\"alignnone wp-image-4951\" src=\"https:\/\/cp-rup.com\/wp-content\/uploads\/2020\/02\/photo-2798940-300x200.jpg\" alt=\"\" width=\"436\" height=\"290\" srcset=\"https:\/\/www.cp-rup.com\/wp-content\/uploads\/2020\/02\/photo-2798940-300x200.jpg 300w, https:\/\/www.cp-rup.com\/wp-content\/uploads\/2020\/02\/photo-2798940-768x512.jpg 768w, https:\/\/www.cp-rup.com\/wp-content\/uploads\/2020\/02\/photo-2798940-1024x683.jpg 1024w\" sizes=\"auto, (max-width: 436px) 100vw, 436px\" \/><\/p>\n<p>La Conf\u00e9rence s\u2019est cl\u00f4tur\u00e9e par la passation de la pr\u00e9sidence au Conseil d\u00e9partemental de Mayotte qui pr\u00e9sidera celle-ci jusqu\u2019au 27 novembre 2020.<\/p>\n<p>&nbsp;<\/p>\n<p><img loading=\"lazy\" decoding=\"async\" class=\"alignnone wp-image-4948\" src=\"https:\/\/cp-rup.com\/wp-content\/uploads\/2020\/02\/photo-2799369-300x236.jpg\" alt=\"\" width=\"351\" height=\"276\" srcset=\"https:\/\/www.cp-rup.com\/wp-content\/uploads\/2020\/02\/photo-2799369-300x236.jpg 300w, https:\/\/www.cp-rup.com\/wp-content\/uploads\/2020\/02\/photo-2799369-768x604.jpg 768w, https:\/\/www.cp-rup.com\/wp-content\/uploads\/2020\/02\/photo-2799369-1024x806.jpg 1024w\" sizes=\"auto, (max-width: 351px) 100vw, 351px\" \/>\u00a0\u00a0<img loading=\"lazy\" decoding=\"async\" class=\" wp-image-4947 alignright\" src=\"https:\/\/cp-rup.com\/wp-content\/uploads\/2020\/02\/photo-2799376-300x184.jpg\" alt=\"\" width=\"402\" height=\"246\" srcset=\"https:\/\/www.cp-rup.com\/wp-content\/uploads\/2020\/02\/photo-2799376-300x184.jpg 300w, https:\/\/www.cp-rup.com\/wp-content\/uploads\/2020\/02\/photo-2799376-768x471.jpg 768w, https:\/\/www.cp-rup.com\/wp-content\/uploads\/2020\/02\/photo-2799376-1024x628.jpg 1024w\" sizes=\"auto, (max-width: 402px) 100vw, 402px\" \/><\/p>\n<p>La D\u00e9claration finale est disponible dans notre biblioth\u00e8que.<\/p>\n","protected":false},"excerpt":{"rendered":"<p>La 24\u00e8me Conf\u00e9rence des Pr\u00e9sidents des RUP s\u2019est tenue \u00e0 Saint-Martin du 5 au 8 f\u00e9vrier 2020, un rendez-vous important \u00e0 l\u2019heure o\u00f9 les n\u00e9gociations sur le prochain Cadre financier pluriannuel (CFP) entament les derni\u00e8res \u00e9ch\u00e9ances. Cette rencontre a en effet r\u00e9uni l\u2019ensemble des RUP et leurs repr\u00e9sentants mais \u00e9galement ceux de la Commission europ\u00e9enne, [&hellip;]<\/p>\n","protected":false},"author":37,"featured_media":4944,"comment_status":"open","ping_status":"open","sticky":false,"template":"","format":"standard","meta":{"_acf_changed":false,"footnotes":"","_links_to":"","_links_to_target":""},"categories":[223],"tags":[],"class_list":["post-6160","post","type-post","status-publish","format-standard","has-post-thumbnail","hentry","category-sin-categoria-fr"],"acf":[],"_links":{"self":[{"href":"https:\/\/www.cp-rup.com\/fr\/wp-json\/wp\/v2\/posts\/6160","targetHints":{"allow":["GET"]}}],"collection":[{"href":"https:\/\/www.cp-rup.com\/fr\/wp-json\/wp\/v2\/posts"}],"about":[{"href":"https:\/\/www.cp-rup.com\/fr\/wp-json\/wp\/v2\/types\/post"}],"author":[{"embeddable":true,"href":"https:\/\/www.cp-rup.com\/fr\/wp-json\/wp\/v2\/users\/37"}],"replies":[{"embeddable":true,"href":"https:\/\/www.cp-rup.com\/fr\/wp-json\/wp\/v2\/comments?post=6160"}],"version-history":[{"count":1,"href":"https:\/\/www.cp-rup.com\/fr\/wp-json\/wp\/v2\/posts\/6160\/revisions"}],"predecessor-version":[{"id":6161,"href":"https:\/\/www.cp-rup.com\/fr\/wp-json\/wp\/v2\/posts\/6160\/revisions\/6161"}],"wp:featuredmedia":[{"embeddable":true,"href":"https:\/\/www.cp-rup.com\/fr\/wp-json\/wp\/v2\/media\/4944"}],"wp:attachment":[{"href":"https:\/\/www.cp-rup.com\/fr\/wp-json\/wp\/v2\/media?parent=6160"}],"wp:term":[{"taxonomy":"category","embeddable":true,"href":"https:\/\/www.cp-rup.com\/fr\/wp-json\/wp\/v2\/categories?post=6160"},{"taxonomy":"post_tag","embeddable":true,"href":"https:\/\/www.cp-rup.com\/fr\/wp-json\/wp\/v2\/tags?post=6160"}],"curies":[{"name":"wp","href":"https:\/\/api.w.org\/{rel}","templated":true}]}}