{"id":6167,"date":"2020-01-03T15:54:54","date_gmt":"2020-01-03T15:54:54","guid":{"rendered":"https:\/\/cp-rup.com\/?p=6167"},"modified":"2021-03-24T20:12:19","modified_gmt":"2021-03-24T20:12:19","slug":"la-24eme-conference-des-presidents-des-regions-ultraperipheriques-a-saint-martin","status":"publish","type":"post","link":"https:\/\/www.cp-rup.com\/fr\/la-24eme-conference-des-presidents-des-regions-ultraperipheriques-a-saint-martin\/","title":{"rendered":"La 24\u00e8me Conf\u00e9rence des Pr\u00e9sidents des R\u00e9gions ultrap\u00e9riph\u00e9riques \u00e0 Saint-Martin"},"content":{"rendered":"<p>La 24<sup>\u00e8me<\/sup> Conf\u00e9rence des Pr\u00e9sidents des R\u00e9gions ultrap\u00e9riph\u00e9riques se tiendra \u00e0 Saint-Martin du 5 au 8 f\u00e9vrier 2020. Celle-ci marquera la fin de la pr\u00e9sidence de la Collectivit\u00e9 de Saint-Martin, commenc\u00e9e en novembre 2018 et marquera le coup d\u2019envoi de la Pr\u00e9sidence de Mayotte.<\/p>\n<p>Cette Conf\u00e9rence constitue, par ailleurs, un moment important de dialogue et d\u2019\u00e9change avec nos partenaires europ\u00e9ens et nos Etats, particuli\u00e8rement en cette p\u00e9riode de renouvellement institutionnel et de n\u00e9gociations pour l\u2019apr\u00e8s 2020.<\/p>\n","protected":false},"excerpt":{"rendered":"<p>La 24\u00e8me Conf\u00e9rence des Pr\u00e9sidents des R\u00e9gions ultrap\u00e9riph\u00e9riques se tiendra \u00e0 Saint-Martin du 5 au 8 f\u00e9vrier 2020. Celle-ci marquera la fin de la pr\u00e9sidence de la Collectivit\u00e9 de Saint-Martin, commenc\u00e9e en novembre 2018 et marquera le coup d\u2019envoi de la Pr\u00e9sidence de Mayotte. Cette Conf\u00e9rence constitue, par ailleurs, un moment important de dialogue et [&hellip;]<\/p>\n","protected":false},"author":37,"featured_media":4535,"comment_status":"open","ping_status":"open","sticky":false,"template":"","format":"standard","meta":{"_acf_changed":false,"footnotes":"","_links_to":"","_links_to_target":""},"categories":[223],"tags":[],"class_list":["post-6167","post","type-post","status-publish","format-standard","has-post-thumbnail","hentry","category-sin-categoria-fr"],"acf":[],"_links":{"self":[{"href":"https:\/\/www.cp-rup.com\/fr\/wp-json\/wp\/v2\/posts\/6167","targetHints":{"allow":["GET"]}}],"collection":[{"href":"https:\/\/www.cp-rup.com\/fr\/wp-json\/wp\/v2\/posts"}],"about":[{"href":"https:\/\/www.cp-rup.com\/fr\/wp-json\/wp\/v2\/types\/post"}],"author":[{"embeddable":true,"href":"https:\/\/www.cp-rup.com\/fr\/wp-json\/wp\/v2\/users\/37"}],"replies":[{"embeddable":true,"href":"https:\/\/www.cp-rup.com\/fr\/wp-json\/wp\/v2\/comments?post=6167"}],"version-history":[{"count":1,"href":"https:\/\/www.cp-rup.com\/fr\/wp-json\/wp\/v2\/posts\/6167\/revisions"}],"predecessor-version":[{"id":6168,"href":"https:\/\/www.cp-rup.com\/fr\/wp-json\/wp\/v2\/posts\/6167\/revisions\/6168"}],"wp:featuredmedia":[{"embeddable":true,"href":"https:\/\/www.cp-rup.com\/fr\/wp-json\/wp\/v2\/media\/4535"}],"wp:attachment":[{"href":"https:\/\/www.cp-rup.com\/fr\/wp-json\/wp\/v2\/media?parent=6167"}],"wp:term":[{"taxonomy":"category","embeddable":true,"href":"https:\/\/www.cp-rup.com\/fr\/wp-json\/wp\/v2\/categories?post=6167"},{"taxonomy":"post_tag","embeddable":true,"href":"https:\/\/www.cp-rup.com\/fr\/wp-json\/wp\/v2\/tags?post=6167"}],"curies":[{"name":"wp","href":"https:\/\/api.w.org\/{rel}","templated":true}]}}