{"id":6180,"date":"2019-11-19T11:58:26","date_gmt":"2019-11-19T11:58:26","guid":{"rendered":"https:\/\/cp-rup.com\/?p=6180"},"modified":"2021-03-24T20:20:41","modified_gmt":"2021-03-24T20:20:41","slug":"reunion-de-mi-parcours-des-presidents-des-rup-et-rencontre-avec-la-presidence-du-conseil","status":"publish","type":"post","link":"https:\/\/www.cp-rup.com\/fr\/reunion-de-mi-parcours-des-presidents-des-rup-et-rencontre-avec-la-presidence-du-conseil\/","title":{"rendered":"R\u00e9union de mi-parcours des Pr\u00e9sidents des RUP et rencontre avec la Pr\u00e9sidence du Conseil"},"content":{"rendered":"<p><img loading=\"lazy\" decoding=\"async\" class=\" wp-image-4834 alignleft\" src=\"https:\/\/cp-rup.com\/wp-content\/uploads\/2019\/11\/453E06F7-8E1D-4293-BA0E-1D80FC0A3870-1024x768.jpeg\" alt=\"\" width=\"341\" height=\"256\" srcset=\"https:\/\/www.cp-rup.com\/wp-content\/uploads\/2019\/11\/453E06F7-8E1D-4293-BA0E-1D80FC0A3870-1024x768.jpeg 1024w, https:\/\/www.cp-rup.com\/wp-content\/uploads\/2019\/11\/453E06F7-8E1D-4293-BA0E-1D80FC0A3870-300x225.jpeg 300w, https:\/\/www.cp-rup.com\/wp-content\/uploads\/2019\/11\/453E06F7-8E1D-4293-BA0E-1D80FC0A3870-768x576.jpeg 768w, https:\/\/www.cp-rup.com\/wp-content\/uploads\/2019\/11\/453E06F7-8E1D-4293-BA0E-1D80FC0A3870.jpeg 1280w\" sizes=\"auto, (max-width: 341px) 100vw, 341px\" \/>Les Pr\u00e9sidents des r\u00e9gions ultrap\u00e9riph\u00e9riques et leurs repr\u00e9sentants ont rencontr\u00e9 \u00e0 Bruxelles ce lundi 18 novembre, la pr\u00e9sidence Finlandaise du Conseil de l\u2019Union europ\u00e9enne afin d\u2019\u00e9voquer \u00a0les enjeux des RUP dans le contexte des n\u00e9gociations en cours relatifs au futur Cadre financier pluriannuel.<img loading=\"lazy\" decoding=\"async\" class=\" wp-image-4832 alignright\" src=\"https:\/\/cp-rup.com\/wp-content\/uploads\/2019\/11\/5DD325CC-E44D-4657-B113-02214554BFE3-1024x768.jpeg\" alt=\"\" width=\"298\" height=\"224\" srcset=\"https:\/\/www.cp-rup.com\/wp-content\/uploads\/2019\/11\/5DD325CC-E44D-4657-B113-02214554BFE3-1024x768.jpeg 1024w, https:\/\/www.cp-rup.com\/wp-content\/uploads\/2019\/11\/5DD325CC-E44D-4657-B113-02214554BFE3-300x225.jpeg 300w, https:\/\/www.cp-rup.com\/wp-content\/uploads\/2019\/11\/5DD325CC-E44D-4657-B113-02214554BFE3-768x576.jpeg 768w, https:\/\/www.cp-rup.com\/wp-content\/uploads\/2019\/11\/5DD325CC-E44D-4657-B113-02214554BFE3.jpeg 1280w\" sizes=\"auto, (max-width: 298px) 100vw, 298px\" \/><\/p>\n<p>Lors de cet \u00e9change il s\u2019agissait de rappeler non seulement nos singularit\u00e9s, nos d\u00e9fis socio-\u00e9conomiques, mais \u00e9galement les atouts qu\u2019apportent nos r\u00e9gions \u00e0 l\u2019UE et la n\u00e9cessit\u00e9, pour la prochaine p\u00e9riode de programmation, d\u2019adopter un budget ambitieux accompagn\u00e9 de mesures adapt\u00e9es, permettant de mieux r\u00e9pondre \u00e0 ces d\u00e9fis et mieux valoriser ces atouts.<\/p>\n<p><img loading=\"lazy\" decoding=\"async\" class=\"wp-image-4835 alignleft\" src=\"https:\/\/cp-rup.com\/wp-content\/uploads\/2019\/11\/4A0248E6-EE50-4FEB-A2C7-95ABFC711680-1024x768.jpeg\" alt=\"\" width=\"266\" height=\"199\" srcset=\"https:\/\/www.cp-rup.com\/wp-content\/uploads\/2019\/11\/4A0248E6-EE50-4FEB-A2C7-95ABFC711680-1024x768.jpeg 1024w, https:\/\/www.cp-rup.com\/wp-content\/uploads\/2019\/11\/4A0248E6-EE50-4FEB-A2C7-95ABFC711680-300x225.jpeg 300w, https:\/\/www.cp-rup.com\/wp-content\/uploads\/2019\/11\/4A0248E6-EE50-4FEB-A2C7-95ABFC711680-768x576.jpeg 768w, https:\/\/www.cp-rup.com\/wp-content\/uploads\/2019\/11\/4A0248E6-EE50-4FEB-A2C7-95ABFC711680.jpeg 1280w\" sizes=\"auto, (max-width: 266px) 100vw, 266px\" \/>Les Pr\u00e9sidents et leurs repr\u00e9sentants ont par la suite poursuivi les discussions sur les travaux de la Conf\u00e9rence. Au cours de ces \u00e9changes les Pr\u00e9sidents ont discut\u00e9s des n\u00e9gociations en cours sur le Cadre financier pluriannuel 2021-2027 et ont adopt\u00e9 une D\u00e9claration politique conjointe que vous trouverez dans notre biblioth\u00e8que. \u00a0La Coop\u00e9ration territoriale europ\u00e9enne post 2020 et\u00a0 la D\u00e9claration finale de la 23<sup>\u00e8me<\/sup> Conf\u00e9rence des Pr\u00e9sidents des RUP, qui se tiendra les 6 et 7 f\u00e9vrier 2020 \u00e0 Saint-Martin, ont \u00e9galement \u00e9t\u00e9 abord\u00e9.<\/p>\n","protected":false},"excerpt":{"rendered":"<p>Les Pr\u00e9sidents des r\u00e9gions ultrap\u00e9riph\u00e9riques et leurs repr\u00e9sentants ont rencontr\u00e9 \u00e0 Bruxelles ce lundi 18 novembre, la pr\u00e9sidence Finlandaise du Conseil de l\u2019Union europ\u00e9enne afin d\u2019\u00e9voquer \u00a0les enjeux des RUP dans le contexte des n\u00e9gociations en cours relatifs au futur Cadre financier pluriannuel. Lors de cet \u00e9change il s\u2019agissait de rappeler non seulement nos singularit\u00e9s, [&hellip;]<\/p>\n","protected":false},"author":37,"featured_media":4833,"comment_status":"open","ping_status":"open","sticky":false,"template":"","format":"standard","meta":{"_acf_changed":false,"footnotes":"","_links_to":"","_links_to_target":""},"categories":[223],"tags":[],"class_list":["post-6180","post","type-post","status-publish","format-standard","has-post-thumbnail","hentry","category-sin-categoria-fr"],"acf":[],"_links":{"self":[{"href":"https:\/\/www.cp-rup.com\/fr\/wp-json\/wp\/v2\/posts\/6180","targetHints":{"allow":["GET"]}}],"collection":[{"href":"https:\/\/www.cp-rup.com\/fr\/wp-json\/wp\/v2\/posts"}],"about":[{"href":"https:\/\/www.cp-rup.com\/fr\/wp-json\/wp\/v2\/types\/post"}],"author":[{"embeddable":true,"href":"https:\/\/www.cp-rup.com\/fr\/wp-json\/wp\/v2\/users\/37"}],"replies":[{"embeddable":true,"href":"https:\/\/www.cp-rup.com\/fr\/wp-json\/wp\/v2\/comments?post=6180"}],"version-history":[{"count":1,"href":"https:\/\/www.cp-rup.com\/fr\/wp-json\/wp\/v2\/posts\/6180\/revisions"}],"predecessor-version":[{"id":6181,"href":"https:\/\/www.cp-rup.com\/fr\/wp-json\/wp\/v2\/posts\/6180\/revisions\/6181"}],"wp:featuredmedia":[{"embeddable":true,"href":"https:\/\/www.cp-rup.com\/fr\/wp-json\/wp\/v2\/media\/4833"}],"wp:attachment":[{"href":"https:\/\/www.cp-rup.com\/fr\/wp-json\/wp\/v2\/media?parent=6180"}],"wp:term":[{"taxonomy":"category","embeddable":true,"href":"https:\/\/www.cp-rup.com\/fr\/wp-json\/wp\/v2\/categories?post=6180"},{"taxonomy":"post_tag","embeddable":true,"href":"https:\/\/www.cp-rup.com\/fr\/wp-json\/wp\/v2\/tags?post=6180"}],"curies":[{"name":"wp","href":"https:\/\/api.w.org\/{rel}","templated":true}]}}