{"id":6194,"date":"2019-10-14T16:07:28","date_gmt":"2019-10-14T16:07:28","guid":{"rendered":"https:\/\/cp-rup.com\/?p=6194"},"modified":"2021-03-24T20:24:54","modified_gmt":"2021-03-24T20:24:54","slug":"participation-des-rup-a-la-regio-week-a-bruxelles","status":"publish","type":"post","link":"https:\/\/www.cp-rup.com\/fr\/participation-des-rup-a-la-regio-week-a-bruxelles\/","title":{"rendered":"Participation des RUP \u00e0 la REGIO Week \u00e0 Bruxelles"},"content":{"rendered":"<p><img loading=\"lazy\" decoding=\"async\" class=\"size-full wp-image-4685 alignright\" src=\"https:\/\/cp-rup.com\/wp-content\/uploads\/2019\/10\/REGIO-WEEK-5.jpg\" alt=\"\" width=\"319\" height=\"213\" srcset=\"https:\/\/www.cp-rup.com\/wp-content\/uploads\/2019\/10\/REGIO-WEEK-5.jpg 319w, https:\/\/www.cp-rup.com\/wp-content\/uploads\/2019\/10\/REGIO-WEEK-5-300x200.jpg 300w\" sizes=\"auto, (max-width: 319px) 100vw, 319px\" \/>La REGIO Week est un \u00e9v\u00e8nement d\u2019envergure consacr\u00e9 aux r\u00e9gions et aux villes europ\u00e9ennes. Dans le cadre du lancement de cette semaine, les RUP ont particip\u00e9 \u00e0 une d\u00e9gustation r\u00e9gionale pendant laquelle de nombreux participants ont pu d\u00e9couvrir les divers produits locaux de leurs r\u00e9gions.<\/p>\n<p><img loading=\"lazy\" decoding=\"async\" class=\" wp-image-4686 alignleft\" src=\"https:\/\/cp-rup.com\/wp-content\/uploads\/2019\/10\/REGIO-WEEK-1--1024x684.jpg\" alt=\"\" width=\"402\" height=\"269\" srcset=\"https:\/\/www.cp-rup.com\/wp-content\/uploads\/2019\/10\/REGIO-WEEK-1--1024x684.jpg 1024w, https:\/\/www.cp-rup.com\/wp-content\/uploads\/2019\/10\/REGIO-WEEK-1--300x200.jpg 300w, https:\/\/www.cp-rup.com\/wp-content\/uploads\/2019\/10\/REGIO-WEEK-1--768x513.jpg 768w, https:\/\/www.cp-rup.com\/wp-content\/uploads\/2019\/10\/REGIO-WEEK-1-.jpg 2048w\" sizes=\"auto, (max-width: 402px) 100vw, 402px\" \/><\/p>\n<p>&nbsp;<\/p>\n<p>&nbsp;<\/p>\n<p>Le mercredi 9 octobre, s\u2019est tenu par la suite un atelier portant sur les cha\u00eenes de valeurs en mati\u00e8re d\u2019innovation dans les RUP, organis\u00e9 par la Conf\u00e9rence en partenariat avec la Commission europ\u00e9enne (Unit\u00e9 RUP-DG REGIO). Cet atelier a permis de partager de bonnes pratiques et des exp\u00e9riences de coop\u00e9ration interr\u00e9gionale et d\u2019\u00e9changer sur les opportunit\u00e9s offertes par de futurs programmes europ\u00e9ens tels que le programme Horizon Europe et les investissements interr\u00e9gionaux en mati\u00e8re d\u2019innovation, connu sous le nom du Composant 5, dans l\u2019optique de\u00a0d\u00e9velopper de telles cha\u00eenes de valeur.<\/p>\n<p>&nbsp;<\/p>\n<p>&nbsp;<\/p>\n","protected":false},"excerpt":{"rendered":"<p>La REGIO Week est un \u00e9v\u00e8nement d\u2019envergure consacr\u00e9 aux r\u00e9gions et aux villes europ\u00e9ennes. Dans le cadre du lancement de cette semaine, les RUP ont particip\u00e9 \u00e0 une d\u00e9gustation r\u00e9gionale pendant laquelle de nombreux participants ont pu d\u00e9couvrir les divers produits locaux de leurs r\u00e9gions. &nbsp; &nbsp; Le mercredi 9 octobre, s\u2019est tenu par la [&hellip;]<\/p>\n","protected":false},"author":37,"featured_media":4683,"comment_status":"open","ping_status":"open","sticky":false,"template":"","format":"standard","meta":{"_acf_changed":false,"footnotes":"","_links_to":"","_links_to_target":""},"categories":[223],"tags":[],"class_list":["post-6194","post","type-post","status-publish","format-standard","has-post-thumbnail","hentry","category-sin-categoria-fr"],"acf":[],"_links":{"self":[{"href":"https:\/\/www.cp-rup.com\/fr\/wp-json\/wp\/v2\/posts\/6194","targetHints":{"allow":["GET"]}}],"collection":[{"href":"https:\/\/www.cp-rup.com\/fr\/wp-json\/wp\/v2\/posts"}],"about":[{"href":"https:\/\/www.cp-rup.com\/fr\/wp-json\/wp\/v2\/types\/post"}],"author":[{"embeddable":true,"href":"https:\/\/www.cp-rup.com\/fr\/wp-json\/wp\/v2\/users\/37"}],"replies":[{"embeddable":true,"href":"https:\/\/www.cp-rup.com\/fr\/wp-json\/wp\/v2\/comments?post=6194"}],"version-history":[{"count":1,"href":"https:\/\/www.cp-rup.com\/fr\/wp-json\/wp\/v2\/posts\/6194\/revisions"}],"predecessor-version":[{"id":6195,"href":"https:\/\/www.cp-rup.com\/fr\/wp-json\/wp\/v2\/posts\/6194\/revisions\/6195"}],"wp:featuredmedia":[{"embeddable":true,"href":"https:\/\/www.cp-rup.com\/fr\/wp-json\/wp\/v2\/media\/4683"}],"wp:attachment":[{"href":"https:\/\/www.cp-rup.com\/fr\/wp-json\/wp\/v2\/media?parent=6194"}],"wp:term":[{"taxonomy":"category","embeddable":true,"href":"https:\/\/www.cp-rup.com\/fr\/wp-json\/wp\/v2\/categories?post=6194"},{"taxonomy":"post_tag","embeddable":true,"href":"https:\/\/www.cp-rup.com\/fr\/wp-json\/wp\/v2\/tags?post=6194"}],"curies":[{"name":"wp","href":"https:\/\/api.w.org\/{rel}","templated":true}]}}