{"id":6201,"date":"2019-08-28T15:10:42","date_gmt":"2019-08-28T15:10:42","guid":{"rendered":"https:\/\/cp-rup.com\/?p=6201"},"modified":"2021-03-25T12:52:20","modified_gmt":"2021-03-25T12:52:20","slug":"regio-week-les-inscriptions-sont-ouvertes","status":"publish","type":"post","link":"https:\/\/www.cp-rup.com\/fr\/regio-week-les-inscriptions-sont-ouvertes\/","title":{"rendered":"Regio week\u00a0: les inscriptions sont ouvertes!"},"content":{"rendered":"<p>La Semaine europ\u00e9enne des r\u00e9gions et des villes est un \u00e9v\u00e9nement annuel de quatre jours au cours duquel les villes et les r\u00e9gions disposent d&rsquo;une plateforme d&rsquo;\u00e9changes en mati\u00e8re de d\u00e9veloppement local et r\u00e9gional dans un grand nombre de domaines. Elle aura lieu du 7 au 10 octobre \u00e0 Bruxelles.<\/p>\n<p>Cette ann\u00e9e, la Regio Week se concentrera sur les th\u00e8mes suivants :<\/p>\n<p>&#8211; Le futur de l&rsquo;UE et le r\u00f4le des r\u00e9gions et des villes<\/p>\n<p>&#8211; Une Europe plus proche des citoyens<\/p>\n<p>&#8211; Une Europe plus verte<\/p>\n<p>&#8211; Une Europe plus intelligente<\/p>\n<p>&#8211; Une Europe plus connect\u00e9e : mobilit\u00e9<\/p>\n<p>&#8211; Une Europe plus socialement int\u00e9gr\u00e9e<\/p>\n<p>Dans le cadre de la Regio week et en partenariat avec la Commission europ\u00e9enne (DG REGIO), un atelier portant sur les cha\u00eenes de valeur de l&rsquo;innovation dans les r\u00e9gions ultrap\u00e9riph\u00e9riques aura lieu le 09 octobre de 16h30 \u00e0 18h30.<\/p>\n<p>Pour y participer, nous vous invitons \u00e0 vous inscrire via le lien ci-apr\u00e8s:<\/p>\n<p><a href=\"https:\/\/europa.eu\/regions-and-cities\/programme\/sessions\/579_en\">https:\/\/europa.eu\/regions-and-cities\/programme\/sessions\/579_en<\/a><\/p>\n<p>Les inscriptions seront closes le <strong><u>27 septembre.<\/u><\/strong><\/p>\n","protected":false},"excerpt":{"rendered":"<p>La Semaine europ\u00e9enne des r\u00e9gions et des villes est un \u00e9v\u00e9nement annuel de quatre jours au cours duquel les villes et les r\u00e9gions disposent d&rsquo;une plateforme d&rsquo;\u00e9changes en mati\u00e8re de d\u00e9veloppement local et r\u00e9gional dans un grand nombre de domaines. Elle aura lieu du 7 au 10 octobre \u00e0 Bruxelles. Cette ann\u00e9e, la Regio Week [&hellip;]<\/p>\n","protected":false},"author":37,"featured_media":4593,"comment_status":"open","ping_status":"open","sticky":false,"template":"","format":"standard","meta":{"_acf_changed":false,"footnotes":"","_links_to":"","_links_to_target":""},"categories":[223],"tags":[],"class_list":["post-6201","post","type-post","status-publish","format-standard","has-post-thumbnail","hentry","category-sin-categoria-fr"],"acf":[],"_links":{"self":[{"href":"https:\/\/www.cp-rup.com\/fr\/wp-json\/wp\/v2\/posts\/6201","targetHints":{"allow":["GET"]}}],"collection":[{"href":"https:\/\/www.cp-rup.com\/fr\/wp-json\/wp\/v2\/posts"}],"about":[{"href":"https:\/\/www.cp-rup.com\/fr\/wp-json\/wp\/v2\/types\/post"}],"author":[{"embeddable":true,"href":"https:\/\/www.cp-rup.com\/fr\/wp-json\/wp\/v2\/users\/37"}],"replies":[{"embeddable":true,"href":"https:\/\/www.cp-rup.com\/fr\/wp-json\/wp\/v2\/comments?post=6201"}],"version-history":[{"count":1,"href":"https:\/\/www.cp-rup.com\/fr\/wp-json\/wp\/v2\/posts\/6201\/revisions"}],"predecessor-version":[{"id":6202,"href":"https:\/\/www.cp-rup.com\/fr\/wp-json\/wp\/v2\/posts\/6201\/revisions\/6202"}],"wp:featuredmedia":[{"embeddable":true,"href":"https:\/\/www.cp-rup.com\/fr\/wp-json\/wp\/v2\/media\/4593"}],"wp:attachment":[{"href":"https:\/\/www.cp-rup.com\/fr\/wp-json\/wp\/v2\/media?parent=6201"}],"wp:term":[{"taxonomy":"category","embeddable":true,"href":"https:\/\/www.cp-rup.com\/fr\/wp-json\/wp\/v2\/categories?post=6201"},{"taxonomy":"post_tag","embeddable":true,"href":"https:\/\/www.cp-rup.com\/fr\/wp-json\/wp\/v2\/tags?post=6201"}],"curies":[{"name":"wp","href":"https:\/\/api.w.org\/{rel}","templated":true}]}}