{"id":6238,"date":"2019-06-20T14:21:56","date_gmt":"2019-06-20T14:21:56","guid":{"rendered":"https:\/\/cp-rup.com\/?p=6238"},"modified":"2021-03-25T13:02:14","modified_gmt":"2021-03-25T13:02:14","slug":"la-conference-des-presidents-des-rup-et-son-reseau-rup-energie-presents-a-bruxelles-pour-la-semaine-europeenne-de-lenergie-durable","status":"publish","type":"post","link":"https:\/\/www.cp-rup.com\/fr\/la-conference-des-presidents-des-rup-et-son-reseau-rup-energie-presents-a-bruxelles-pour-la-semaine-europeenne-de-lenergie-durable\/","title":{"rendered":"La Conf\u00e9rence des Pr\u00e9sidents des RUP et son r\u00e9seau RUP \u00e9nergie pr\u00e9sents \u00e0 Bruxelles pour la semaine europ\u00e9enne de l\u2019\u00e9nergie durable."},"content":{"rendered":"<p>Les RUP ont particip\u00e9 \u00e0 la semaine europ\u00e9enne de l\u2019\u00e9nergie durable organis\u00e9e du 17 au 21 juin dans la capitale europ\u00e9enne.<\/p>\n<p><img loading=\"lazy\" decoding=\"async\" class=\" wp-image-4499 alignleft\" src=\"https:\/\/cp-rup.com\/wp-content\/uploads\/2019\/06\/17-21-JUIN-LABORDE-DISCOURS-1024x768.jpeg\" alt=\"\" width=\"413\" height=\"310\" srcset=\"https:\/\/www.cp-rup.com\/wp-content\/uploads\/2019\/06\/17-21-JUIN-LABORDE-DISCOURS-1024x768.jpeg 1024w, https:\/\/www.cp-rup.com\/wp-content\/uploads\/2019\/06\/17-21-JUIN-LABORDE-DISCOURS-300x225.jpeg 300w, https:\/\/www.cp-rup.com\/wp-content\/uploads\/2019\/06\/17-21-JUIN-LABORDE-DISCOURS-768x576.jpeg 768w\" sizes=\"auto, (max-width: 413px) 100vw, 413px\" \/>Les RUP, repr\u00e9sent\u00e9es par la Pr\u00e9sidence de la Conf\u00e9rence et le chef de file du R\u00e9seau RUP \u00e9nergie, ont pris part \u00e0 l\u2019atelier de l\u2019initiative pour l\u2019\u00e9nergie propre pour les \u00eeles UE\u00a0<em>\u00ab Clean energy for EU islands initiave\u00a0: progress and future prospects\u00a0\u00bb.<\/em><\/p>\n<p>Mme Alix-Laborde, Conseill\u00e8re territoriale en charge des questions environnementales de la Collectivit\u00e9 de Saint-Martin ainsi que M. Gonzalo Piernavieja Vice-ministre r\u00e9gional en charge de l\u2019industrie, de l\u2019\u00e9nergie et du commerce du gouvernement des Canaries ont rappel\u00e9 durant cette session que la transition \u00e9nerg\u00e9tique des RUP constitue une volont\u00e9 politique forte de nos r\u00e9gions, lesquelles r\u00e9unies cumulent une population de pr\u00e8s de 4.8 millions d\u2019habitants. Les objectifs et activit\u00e9s du R\u00e9seau RUP \u00e9nergie ont \u00e9t\u00e9 pr\u00e9sent\u00e9s ainsi que les diff\u00e9rents projets mis en \u0153uvre dans les RUP. Ils ont r\u00e9it\u00e9r\u00e9 l\u2019engagement des RUP \u00e0 contribuer significativement et activement \u00e0 cette initiative pour les \u00eeles et \u00e0 y renforcer la dimension RUP.<img loading=\"lazy\" decoding=\"async\" class=\" wp-image-4498 alignright\" src=\"https:\/\/cp-rup.com\/wp-content\/uploads\/2019\/06\/17-21-JUIN-19-1024x498.jpeg\" alt=\"\" width=\"492\" height=\"239\" srcset=\"https:\/\/www.cp-rup.com\/wp-content\/uploads\/2019\/06\/17-21-JUIN-19-1024x498.jpeg 1024w, https:\/\/www.cp-rup.com\/wp-content\/uploads\/2019\/06\/17-21-JUIN-19-300x146.jpeg 300w, https:\/\/www.cp-rup.com\/wp-content\/uploads\/2019\/06\/17-21-JUIN-19-768x373.jpeg 768w, https:\/\/www.cp-rup.com\/wp-content\/uploads\/2019\/06\/17-21-JUIN-19.jpeg 1920w\" sizes=\"auto, (max-width: 492px) 100vw, 492px\" \/><\/p>\n<p>&nbsp;<\/p>\n<p>Comme le rappel le M\u00e9morandum conjoint des RUP, il est essentiel de prendre en compte la situation particuli\u00e8re de nos r\u00e9gions \u00e0 travers des outils et programmes d\u00e9di\u00e9s et adapt\u00e9s \u00e0 leurs sp\u00e9cificit\u00e9s en vue de soutenir leur autonomie ainsi que la diversification de leur mix \u00e9nerg\u00e9tique.<\/p>\n<p>En marge de la semaine europ\u00e9enne de l\u2019\u00e9nergie durable, le r\u00e9seau RUP s\u2019est r\u00e9unit pour poursuivre ses travaux.\u00a0 Des r\u00e9unions ont \u00e9t\u00e9 organis\u00e9es avec le Secr\u00e9tariat de l\u2019initiative, la DG Comp\u00e9tition et la DG \u00e9nergie (Commission europ\u00e9enne).<\/p>\n","protected":false},"excerpt":{"rendered":"<p>Les RUP ont particip\u00e9 \u00e0 la semaine europ\u00e9enne de l\u2019\u00e9nergie durable organis\u00e9e du 17 au 21 juin dans la capitale europ\u00e9enne. Les RUP, repr\u00e9sent\u00e9es par la Pr\u00e9sidence de la Conf\u00e9rence et le chef de file du R\u00e9seau RUP \u00e9nergie, ont pris part \u00e0 l\u2019atelier de l\u2019initiative pour l\u2019\u00e9nergie propre pour les \u00eeles UE\u00a0\u00ab Clean energy [&hellip;]<\/p>\n","protected":false},"author":37,"featured_media":4500,"comment_status":"open","ping_status":"open","sticky":false,"template":"","format":"standard","meta":{"_acf_changed":false,"footnotes":"","_links_to":"","_links_to_target":""},"categories":[223],"tags":[],"class_list":["post-6238","post","type-post","status-publish","format-standard","has-post-thumbnail","hentry","category-sin-categoria-fr"],"acf":[],"_links":{"self":[{"href":"https:\/\/www.cp-rup.com\/fr\/wp-json\/wp\/v2\/posts\/6238","targetHints":{"allow":["GET"]}}],"collection":[{"href":"https:\/\/www.cp-rup.com\/fr\/wp-json\/wp\/v2\/posts"}],"about":[{"href":"https:\/\/www.cp-rup.com\/fr\/wp-json\/wp\/v2\/types\/post"}],"author":[{"embeddable":true,"href":"https:\/\/www.cp-rup.com\/fr\/wp-json\/wp\/v2\/users\/37"}],"replies":[{"embeddable":true,"href":"https:\/\/www.cp-rup.com\/fr\/wp-json\/wp\/v2\/comments?post=6238"}],"version-history":[{"count":1,"href":"https:\/\/www.cp-rup.com\/fr\/wp-json\/wp\/v2\/posts\/6238\/revisions"}],"predecessor-version":[{"id":6239,"href":"https:\/\/www.cp-rup.com\/fr\/wp-json\/wp\/v2\/posts\/6238\/revisions\/6239"}],"wp:featuredmedia":[{"embeddable":true,"href":"https:\/\/www.cp-rup.com\/fr\/wp-json\/wp\/v2\/media\/4500"}],"wp:attachment":[{"href":"https:\/\/www.cp-rup.com\/fr\/wp-json\/wp\/v2\/media?parent=6238"}],"wp:term":[{"taxonomy":"category","embeddable":true,"href":"https:\/\/www.cp-rup.com\/fr\/wp-json\/wp\/v2\/categories?post=6238"},{"taxonomy":"post_tag","embeddable":true,"href":"https:\/\/www.cp-rup.com\/fr\/wp-json\/wp\/v2\/tags?post=6238"}],"curies":[{"name":"wp","href":"https:\/\/api.w.org\/{rel}","templated":true}]}}