{"id":6245,"date":"2019-06-07T15:42:09","date_gmt":"2019-06-07T15:42:09","guid":{"rendered":"https:\/\/cp-rup.com\/?p=6245"},"modified":"2021-03-25T14:03:35","modified_gmt":"2021-03-25T14:03:35","slug":"le-comite-de-suivi-rup-sest-reuni-les-4-et-5-juin-a-horta","status":"publish","type":"post","link":"https:\/\/www.cp-rup.com\/fr\/le-comite-de-suivi-rup-sest-reuni-les-4-et-5-juin-a-horta\/","title":{"rendered":"Le Comit\u00e9 de suivi RUP s\u2019est r\u00e9uni les 4 et 5 juin \u00e0 Horta"},"content":{"rendered":"<p>Le Comit\u00e9 de suivi RUP s\u2019est r\u00e9uni les 4 et 5 juin \u00e0 Horta, aux A\u00e7ores afin de poursuivre ses travaux. Les r\u00e9gions ont fait un point sur l\u2019ensemble des \u00e9v\u00e8nements \u00e0 venir auxquels elles participeront, notamment la Conf\u00e9rence Copernicus qui a lieu dans la foul\u00e9e le 6 et 7 juin \u00e0 Horta, la journ\u00e9e europ\u00e9enne de l&rsquo;\u00e9nergie durable du 18 au 20 juin \u00e0 Bruxelles, le Forum de l\u2019\u00e9conomie bleue dans les RUP organis\u00e9 par la Commission europ\u00e9enne le 9 juillet \u00e0 Bruxelles et la REGIO WEEK au mois d\u2019octobre \u00e0 Bruxelles \u00e9galement.<\/p>\n<p><img loading=\"lazy\" decoding=\"async\" class=\" wp-image-4477 alignleft\" src=\"https:\/\/cp-rup.com\/wp-content\/uploads\/2019\/06\/2019.06.04-CSRUP-5-1024x768.jpg\" alt=\"\" width=\"425\" height=\"319\" srcset=\"https:\/\/www.cp-rup.com\/wp-content\/uploads\/2019\/06\/2019.06.04-CSRUP-5-1024x768.jpg 1024w, https:\/\/www.cp-rup.com\/wp-content\/uploads\/2019\/06\/2019.06.04-CSRUP-5-300x225.jpg 300w, https:\/\/www.cp-rup.com\/wp-content\/uploads\/2019\/06\/2019.06.04-CSRUP-5-768x576.jpg 768w\" sizes=\"auto, (max-width: 425px) 100vw, 425px\" \/><\/p>\n<p>Le CDS a par ailleurs poursuivi ses travaux sur l\u2019\u00e9laboration de contributions et positionnements communs notamment sur les aides d\u2019Etat suite \u00e0 la consultation publique, lanc\u00e9e par la Commission europ\u00e9enne jusqu\u2019en juillet, et sur la future coop\u00e9ration territoriale pour les RUP.<\/p>\n<p>&nbsp;<\/p>\n<p>Les RUP se r\u00e9unirons pour leur 7<sup>\u00e8me<\/sup> r\u00e9union de CDS au mois de juillet \u00e0 Bruxelles en marge du Forum de l\u2019\u00e9conomie bleue dans les RUP.<\/p>\n","protected":false},"excerpt":{"rendered":"<p>Le Comit\u00e9 de suivi RUP s\u2019est r\u00e9uni les 4 et 5 juin \u00e0 Horta, aux A\u00e7ores afin de poursuivre ses travaux. Les r\u00e9gions ont fait un point sur l\u2019ensemble des \u00e9v\u00e8nements \u00e0 venir auxquels elles participeront, notamment la Conf\u00e9rence Copernicus qui a lieu dans la foul\u00e9e le 6 et 7 juin \u00e0 Horta, la journ\u00e9e [&hellip;]<\/p>\n","protected":false},"author":37,"featured_media":4476,"comment_status":"open","ping_status":"open","sticky":false,"template":"","format":"standard","meta":{"_acf_changed":false,"footnotes":"","_links_to":"","_links_to_target":""},"categories":[223],"tags":[],"class_list":["post-6245","post","type-post","status-publish","format-standard","has-post-thumbnail","hentry","category-sin-categoria-fr"],"acf":[],"_links":{"self":[{"href":"https:\/\/www.cp-rup.com\/fr\/wp-json\/wp\/v2\/posts\/6245","targetHints":{"allow":["GET"]}}],"collection":[{"href":"https:\/\/www.cp-rup.com\/fr\/wp-json\/wp\/v2\/posts"}],"about":[{"href":"https:\/\/www.cp-rup.com\/fr\/wp-json\/wp\/v2\/types\/post"}],"author":[{"embeddable":true,"href":"https:\/\/www.cp-rup.com\/fr\/wp-json\/wp\/v2\/users\/37"}],"replies":[{"embeddable":true,"href":"https:\/\/www.cp-rup.com\/fr\/wp-json\/wp\/v2\/comments?post=6245"}],"version-history":[{"count":1,"href":"https:\/\/www.cp-rup.com\/fr\/wp-json\/wp\/v2\/posts\/6245\/revisions"}],"predecessor-version":[{"id":6246,"href":"https:\/\/www.cp-rup.com\/fr\/wp-json\/wp\/v2\/posts\/6245\/revisions\/6246"}],"wp:featuredmedia":[{"embeddable":true,"href":"https:\/\/www.cp-rup.com\/fr\/wp-json\/wp\/v2\/media\/4476"}],"wp:attachment":[{"href":"https:\/\/www.cp-rup.com\/fr\/wp-json\/wp\/v2\/media?parent=6245"}],"wp:term":[{"taxonomy":"category","embeddable":true,"href":"https:\/\/www.cp-rup.com\/fr\/wp-json\/wp\/v2\/categories?post=6245"},{"taxonomy":"post_tag","embeddable":true,"href":"https:\/\/www.cp-rup.com\/fr\/wp-json\/wp\/v2\/tags?post=6245"}],"curies":[{"name":"wp","href":"https:\/\/api.w.org\/{rel}","templated":true}]}}