{"id":6268,"date":"2019-05-16T15:48:47","date_gmt":"2019-05-16T15:48:47","guid":{"rendered":"https:\/\/cp-rup.com\/?p=6268"},"modified":"2021-03-25T11:31:42","modified_gmt":"2021-03-25T11:31:42","slug":"les-rup-presentes-a-lisbonne-pour-la-journee-europeenne-maritime-2019","status":"publish","type":"post","link":"https:\/\/www.cp-rup.com\/fr\/les-rup-presentes-a-lisbonne-pour-la-journee-europeenne-maritime-2019\/","title":{"rendered":"Les RUP pr\u00e9sentes \u00e0 Lisbonne pour la journ\u00e9e europ\u00e9enne maritime 2019"},"content":{"rendered":"<p>La Conf\u00e9rence des Pr\u00e9sidents des RUP a organis\u00e9 un atelier dans le cadre de la semaine europ\u00e9enne maritime qui s\u2019est tenue \u00e0 Lisbonne le 17 mai. Cet atelier a permis de mettre en valeur le potentiel maritime des RUP ainsi que les projets mis en \u0153uvre dans ce secteur.<\/p>\n<p>&nbsp;<\/p>\n<p>Monsieur Pedro Ortega, Ministre r\u00e9gional du gouvernement des Canaries en charge de l\u2019Economie, de l\u2019Industrie et de la Connaissance, Mme Anna Szegvari Masa, charg\u00e9e de mission pour l\u2019\u00e9conomie bleue au Conseil r\u00e9gional de la R\u00e9union, M. Filipe Porteiro, Directeur r\u00e9gional des affaires maritimes du gouvernement des A\u00e7ores et Mme Cyrielle Cuirassier, repr\u00e9sentante pour les affaires europ\u00e9ennes du Conseil r\u00e9gional de Guadeloupe \u00e0 Bruxelles, ont anim\u00e9s l\u2019atelier mod\u00e9r\u00e9 par M. Antonio Domingos Abreu, sp\u00e9cialiste \u00e0 la Division des sciences \u00e9cologiques et de la terre de l&rsquo;UNESCO.<\/p>\n<p>&nbsp;<\/p>\n<p>A travers leurs pr\u00e9sentations, les intervenants ont \u00e9voquer le r\u00f4le cl\u00e9 que peuvent jouer\u00a0les RUP dans la politique maritime europ\u00e9enne et les diff\u00e9rents aspects du d\u00e9veloppement des secteurs li\u00e9es \u00e0 l\u2019\u00e9conomie bleue\u00a0: l\u2019innovation en mati\u00e8re d\u2019\u00e9nergie renouvelable dans les Canaries, la formation professionnelle dans le cadre du \u00a0projet d\u2019\u00e9cole de la mer aux A\u00e7ores, l\u2019identification de techniques de p\u00eache innovante \u00e0 travers le projet ORFISH et la coop\u00e9ration en tant que levier de d\u00e9veloppement d\u2019une \u00e9conomie bleue dans l\u2019oc\u00e9an indien.<\/p>\n<p>&nbsp;<\/p>\n<p>Tel que rappel\u00e9 dans les M\u00e9morandum conjoint des RUP, la mer constitue en effet une opportunit\u00e9 consid\u00e9rable pour le d\u00e9veloppement \u00e9conomique et sociale de nos r\u00e9gions.<\/p>\n","protected":false},"excerpt":{"rendered":"<p>La Conf\u00e9rence des Pr\u00e9sidents des RUP a organis\u00e9 un atelier dans le cadre de la semaine europ\u00e9enne maritime qui s\u2019est tenue \u00e0 Lisbonne le 17 mai. Cet atelier a permis de mettre en valeur le potentiel maritime des RUP ainsi que les projets mis en \u0153uvre dans ce secteur. &nbsp; Monsieur Pedro Ortega, Ministre r\u00e9gional [&hellip;]<\/p>\n","protected":false},"author":37,"featured_media":4417,"comment_status":"open","ping_status":"open","sticky":false,"template":"","format":"standard","meta":{"_acf_changed":false,"footnotes":"","_links_to":"","_links_to_target":""},"categories":[223],"tags":[],"class_list":["post-6268","post","type-post","status-publish","format-standard","has-post-thumbnail","hentry","category-sin-categoria-fr"],"acf":[],"_links":{"self":[{"href":"https:\/\/www.cp-rup.com\/fr\/wp-json\/wp\/v2\/posts\/6268","targetHints":{"allow":["GET"]}}],"collection":[{"href":"https:\/\/www.cp-rup.com\/fr\/wp-json\/wp\/v2\/posts"}],"about":[{"href":"https:\/\/www.cp-rup.com\/fr\/wp-json\/wp\/v2\/types\/post"}],"author":[{"embeddable":true,"href":"https:\/\/www.cp-rup.com\/fr\/wp-json\/wp\/v2\/users\/37"}],"replies":[{"embeddable":true,"href":"https:\/\/www.cp-rup.com\/fr\/wp-json\/wp\/v2\/comments?post=6268"}],"version-history":[{"count":1,"href":"https:\/\/www.cp-rup.com\/fr\/wp-json\/wp\/v2\/posts\/6268\/revisions"}],"predecessor-version":[{"id":6269,"href":"https:\/\/www.cp-rup.com\/fr\/wp-json\/wp\/v2\/posts\/6268\/revisions\/6269"}],"wp:featuredmedia":[{"embeddable":true,"href":"https:\/\/www.cp-rup.com\/fr\/wp-json\/wp\/v2\/media\/4417"}],"wp:attachment":[{"href":"https:\/\/www.cp-rup.com\/fr\/wp-json\/wp\/v2\/media?parent=6268"}],"wp:term":[{"taxonomy":"category","embeddable":true,"href":"https:\/\/www.cp-rup.com\/fr\/wp-json\/wp\/v2\/categories?post=6268"},{"taxonomy":"post_tag","embeddable":true,"href":"https:\/\/www.cp-rup.com\/fr\/wp-json\/wp\/v2\/tags?post=6268"}],"curies":[{"name":"wp","href":"https:\/\/api.w.org\/{rel}","templated":true}]}}