{"id":6280,"date":"2018-10-24T15:54:09","date_gmt":"2018-10-24T15:54:09","guid":{"rendered":"https:\/\/cp-rup.com\/?p=6280"},"modified":"2021-03-25T11:52:00","modified_gmt":"2021-03-25T11:52:00","slug":"2eme-forum-sur-linitiative-denergie-propre-pour-les-iles-de-lue","status":"publish","type":"post","link":"https:\/\/www.cp-rup.com\/fr\/2eme-forum-sur-linitiative-denergie-propre-pour-les-iles-de-lue\/","title":{"rendered":"2\u00e8me Forum sur l\u2019Initiative d\u2019\u00c9nergie Propre pour les \u00eeles de l\u2019UE"},"content":{"rendered":"<p>24\/10\/2018<\/p>\n<p>La deuxi\u00e8me \u00e9dition du forum \u00ab\u00a0Initiative d\u2019\u00c9nergie Propre pour les \u00eeles de l&rsquo;UE\u00a0\u00bb aura lieu les 4, 5 et 6 novembre prochains \u00e0 Lanzarote, qui sera organis\u00e9 par le minist\u00e8re r\u00e9gional de l&rsquo;\u00e9conomie, de l&rsquo;industrie, du commerce et de la connaissance (Consejer\u00eda de Econom\u00eda, Industria, Comercio y Conocimiento) du Gouvernement des \u00eeles Canaries, avec le Secr\u00e9tariat de l\u2019initiative, au nom de la direction g\u00e9n\u00e9rale de l\u2019\u00e9nergie de la Commission europ\u00e9enne.<\/p>\n<p>La Commission europ\u00e9enne a choisi cet archipel pour la c\u00e9l\u00e9bration de la deuxi\u00e8me \u00e9dition de cette rencontre en raison de son engagement en faveur de la promotion d\u2019\u00e9conomies d\u2019\u00e9nergies et des \u00e9nergies renouvelables, en particulier pour la promotion de projets singuliers d\u00e9j\u00e0 d\u00e9velopp\u00e9s, tels que la centrale hydro-\u00e9olienne sur l\u2019\u00eele d\u2019El Hierro.<\/p>\n<p>Au cours du forum, plusieurs exemples de bonnes pratiques \u00e9nerg\u00e9tiques dans les environnements insulaires visant \u00e0 la sensibilisation du public aux d\u00e9fis et aux opportunit\u00e9s pos\u00e9s par le processus de d\u00e9carbonisation dans les \u00eeles, ainsi que des cas concrets seront pr\u00e9sent\u00e9s.<\/p>\n","protected":false},"excerpt":{"rendered":"<p>24\/10\/2018 La deuxi\u00e8me \u00e9dition du forum \u00ab\u00a0Initiative d\u2019\u00c9nergie Propre pour les \u00eeles de l&rsquo;UE\u00a0\u00bb aura lieu les 4, 5 et 6 novembre prochains \u00e0 Lanzarote, qui sera organis\u00e9 par le minist\u00e8re r\u00e9gional de l&rsquo;\u00e9conomie, de l&rsquo;industrie, du commerce et de la connaissance (Consejer\u00eda de Econom\u00eda, Industria, Comercio y Conocimiento) du Gouvernement des \u00eeles Canaries, avec [&hellip;]<\/p>\n","protected":false},"author":37,"featured_media":3914,"comment_status":"open","ping_status":"open","sticky":false,"template":"","format":"standard","meta":{"_acf_changed":false,"footnotes":"","_links_to":"","_links_to_target":""},"categories":[223],"tags":[],"class_list":["post-6280","post","type-post","status-publish","format-standard","has-post-thumbnail","hentry","category-sin-categoria-fr"],"acf":[],"_links":{"self":[{"href":"https:\/\/www.cp-rup.com\/fr\/wp-json\/wp\/v2\/posts\/6280","targetHints":{"allow":["GET"]}}],"collection":[{"href":"https:\/\/www.cp-rup.com\/fr\/wp-json\/wp\/v2\/posts"}],"about":[{"href":"https:\/\/www.cp-rup.com\/fr\/wp-json\/wp\/v2\/types\/post"}],"author":[{"embeddable":true,"href":"https:\/\/www.cp-rup.com\/fr\/wp-json\/wp\/v2\/users\/37"}],"replies":[{"embeddable":true,"href":"https:\/\/www.cp-rup.com\/fr\/wp-json\/wp\/v2\/comments?post=6280"}],"version-history":[{"count":1,"href":"https:\/\/www.cp-rup.com\/fr\/wp-json\/wp\/v2\/posts\/6280\/revisions"}],"predecessor-version":[{"id":6281,"href":"https:\/\/www.cp-rup.com\/fr\/wp-json\/wp\/v2\/posts\/6280\/revisions\/6281"}],"wp:featuredmedia":[{"embeddable":true,"href":"https:\/\/www.cp-rup.com\/fr\/wp-json\/wp\/v2\/media\/3914"}],"wp:attachment":[{"href":"https:\/\/www.cp-rup.com\/fr\/wp-json\/wp\/v2\/media?parent=6280"}],"wp:term":[{"taxonomy":"category","embeddable":true,"href":"https:\/\/www.cp-rup.com\/fr\/wp-json\/wp\/v2\/categories?post=6280"},{"taxonomy":"post_tag","embeddable":true,"href":"https:\/\/www.cp-rup.com\/fr\/wp-json\/wp\/v2\/tags?post=6280"}],"curies":[{"name":"wp","href":"https:\/\/api.w.org\/{rel}","templated":true}]}}