{"id":6288,"date":"2018-10-05T15:56:55","date_gmt":"2018-10-05T15:56:55","guid":{"rendered":"https:\/\/cp-rup.com\/?p=6288"},"modified":"2021-03-25T11:57:37","modified_gmt":"2021-03-25T11:57:37","slug":"xxiieme-conference-des-presidents-des-rup","status":"publish","type":"post","link":"https:\/\/www.cp-rup.com\/fr\/xxiieme-conference-des-presidents-des-rup\/","title":{"rendered":"XXII\u00e8me Conf\u00e9rence des Pr\u00e9sidents des RUP"},"content":{"rendered":"<p>Au cours des 22 et 23 novembre prochains, la XXIII<sup>\u00e8me<\/sup> Conf\u00e9rence des pr\u00e9sidents des r\u00e9gions ultrap\u00e9riph\u00e9riques se tiendra \u00e0 Las Palmas de Gran Canaria, qui mettra fin \u00e0 la pr\u00e9sidence des \u00celes Canaries et c\u00e9dera la place \u00e0 la r\u00e9gion de Saint-Martin en vue de prendre charge de celle-ci.<\/p>\n<p>La XXIII<sup>\u00e8me<\/sup> Conf\u00e9rence des pr\u00e9sidents assemblera les neuf pr\u00e9sidents des RUP et accueillera \u00e9galement le roi d&rsquo;Espagne, Felipe VI, le pr\u00e9sident de la Commission europ\u00e9enne, Jean-Claude Juncker, la commissaire europ\u00e9enne charg\u00e9e de la politique r\u00e9gionale, Corina Cretu, la ministre fran\u00e7aise de l&rsquo;outre-mer, Annick Girardin, la secr\u00e9taire d&rsquo;\u00c9tat portugaise aux Affaires europ\u00e9ennes, Ana Paula Zacarias, le vice-pr\u00e9sident du Parlement europ\u00e9en, Ram\u00f3n Luis Valc\u00e1rcel, ainsi qu&rsquo;un repr\u00e9sentant de l&rsquo;\u00c9tat espagnol.<\/p>\n<p>La conf\u00e9rence annuelle de cette ann\u00e9e est pr\u00e9sent\u00e9e comme une chance propice en vue d\u2019aborder ensemble la position de l\u2019ultrap\u00e9riph\u00e9rique face \u00e0 la p\u00e9riode apr\u00e8s 2020, ainsi que de promouvoir une politique europ\u00e9enne de croissance et de d\u00e9veloppement adapt\u00e9e \u00e0 la r\u00e9alit\u00e9 des RUP, juste apr\u00e8s la pr\u00e9sentation par la Commission europ\u00e9enne des propositions \u00e9conomiques, financi\u00e8res et l\u00e9gislatives pour la p\u00e9riode de programmation prochaine.<\/p>\n","protected":false},"excerpt":{"rendered":"<p>Au cours des 22 et 23 novembre prochains, la XXIII\u00e8me Conf\u00e9rence des pr\u00e9sidents des r\u00e9gions ultrap\u00e9riph\u00e9riques se tiendra \u00e0 Las Palmas de Gran Canaria, qui mettra fin \u00e0 la pr\u00e9sidence des \u00celes Canaries et c\u00e9dera la place \u00e0 la r\u00e9gion de Saint-Martin en vue de prendre charge de celle-ci. La XXIII\u00e8me Conf\u00e9rence des pr\u00e9sidents assemblera [&hellip;]<\/p>\n","protected":false},"author":37,"featured_media":2611,"comment_status":"open","ping_status":"open","sticky":false,"template":"","format":"standard","meta":{"_acf_changed":false,"footnotes":"","_links_to":"","_links_to_target":""},"categories":[223],"tags":[],"class_list":["post-6288","post","type-post","status-publish","format-standard","has-post-thumbnail","hentry","category-sin-categoria-fr"],"acf":[],"_links":{"self":[{"href":"https:\/\/www.cp-rup.com\/fr\/wp-json\/wp\/v2\/posts\/6288","targetHints":{"allow":["GET"]}}],"collection":[{"href":"https:\/\/www.cp-rup.com\/fr\/wp-json\/wp\/v2\/posts"}],"about":[{"href":"https:\/\/www.cp-rup.com\/fr\/wp-json\/wp\/v2\/types\/post"}],"author":[{"embeddable":true,"href":"https:\/\/www.cp-rup.com\/fr\/wp-json\/wp\/v2\/users\/37"}],"replies":[{"embeddable":true,"href":"https:\/\/www.cp-rup.com\/fr\/wp-json\/wp\/v2\/comments?post=6288"}],"version-history":[{"count":1,"href":"https:\/\/www.cp-rup.com\/fr\/wp-json\/wp\/v2\/posts\/6288\/revisions"}],"predecessor-version":[{"id":6289,"href":"https:\/\/www.cp-rup.com\/fr\/wp-json\/wp\/v2\/posts\/6288\/revisions\/6289"}],"wp:featuredmedia":[{"embeddable":true,"href":"https:\/\/www.cp-rup.com\/fr\/wp-json\/wp\/v2\/media\/2611"}],"wp:attachment":[{"href":"https:\/\/www.cp-rup.com\/fr\/wp-json\/wp\/v2\/media?parent=6288"}],"wp:term":[{"taxonomy":"category","embeddable":true,"href":"https:\/\/www.cp-rup.com\/fr\/wp-json\/wp\/v2\/categories?post=6288"},{"taxonomy":"post_tag","embeddable":true,"href":"https:\/\/www.cp-rup.com\/fr\/wp-json\/wp\/v2\/tags?post=6288"}],"curies":[{"name":"wp","href":"https:\/\/api.w.org\/{rel}","templated":true}]}}