{"id":6301,"date":"2018-07-18T15:01:44","date_gmt":"2018-07-18T15:01:44","guid":{"rendered":"https:\/\/cp-rup.com\/?p=6301"},"modified":"2021-03-25T11:56:01","modified_gmt":"2021-03-25T11:56:01","slug":"inscription-ouverte-pour-participer-a-la-regio-week","status":"publish","type":"post","link":"https:\/\/www.cp-rup.com\/fr\/inscription-ouverte-pour-participer-a-la-regio-week\/","title":{"rendered":"Inscription ouverte pour participer \u00e0 la Regio Week"},"content":{"rendered":"<p>Vous pouvez vous inscrire maintenant pour participer \u00e0 la Semaine europ\u00e9enne des r\u00e9gions et des villes (Regio Week) \u00e0 tenir \u00e0 Bruxelles du 8 au 11 octobre 2018. Toutes les informations sur l&rsquo;\u00e9v\u00e9nement sont disponibles \u00e0\u00a0: <a href=\"https:\/\/europa.eu\/regions-and-cities\/\">https:\/\/europa.eu\/regions-and-cities\/<\/a><\/p>\n<p>Veuillez cliquer sur le lien en vue de vous inscrire : <a href=\"https:\/\/europa.eu\/regions-and-cities\/programme\/sessions\/156_en\">https:\/\/europa.eu\/regions-and-cities\/programme\/sessions\/156_en<\/a><\/p>\n","protected":false},"excerpt":{"rendered":"<p>Vous pouvez vous inscrire maintenant pour participer \u00e0 la Semaine europ\u00e9enne des r\u00e9gions et des villes (Regio Week) \u00e0 tenir \u00e0 Bruxelles du 8 au 11 octobre 2018. Toutes les informations sur l&rsquo;\u00e9v\u00e9nement sont disponibles \u00e0\u00a0: https:\/\/europa.eu\/regions-and-cities\/ Veuillez cliquer sur le lien en vue de vous inscrire : https:\/\/europa.eu\/regions-and-cities\/programme\/sessions\/156_en<\/p>\n","protected":false},"author":37,"featured_media":2250,"comment_status":"open","ping_status":"open","sticky":false,"template":"","format":"standard","meta":{"_acf_changed":false,"footnotes":"","_links_to":"","_links_to_target":""},"categories":[223],"tags":[],"class_list":["post-6301","post","type-post","status-publish","format-standard","has-post-thumbnail","hentry","category-sin-categoria-fr"],"acf":[],"_links":{"self":[{"href":"https:\/\/www.cp-rup.com\/fr\/wp-json\/wp\/v2\/posts\/6301","targetHints":{"allow":["GET"]}}],"collection":[{"href":"https:\/\/www.cp-rup.com\/fr\/wp-json\/wp\/v2\/posts"}],"about":[{"href":"https:\/\/www.cp-rup.com\/fr\/wp-json\/wp\/v2\/types\/post"}],"author":[{"embeddable":true,"href":"https:\/\/www.cp-rup.com\/fr\/wp-json\/wp\/v2\/users\/37"}],"replies":[{"embeddable":true,"href":"https:\/\/www.cp-rup.com\/fr\/wp-json\/wp\/v2\/comments?post=6301"}],"version-history":[{"count":1,"href":"https:\/\/www.cp-rup.com\/fr\/wp-json\/wp\/v2\/posts\/6301\/revisions"}],"predecessor-version":[{"id":6302,"href":"https:\/\/www.cp-rup.com\/fr\/wp-json\/wp\/v2\/posts\/6301\/revisions\/6302"}],"wp:featuredmedia":[{"embeddable":true,"href":"https:\/\/www.cp-rup.com\/fr\/wp-json\/wp\/v2\/media\/2250"}],"wp:attachment":[{"href":"https:\/\/www.cp-rup.com\/fr\/wp-json\/wp\/v2\/media?parent=6301"}],"wp:term":[{"taxonomy":"category","embeddable":true,"href":"https:\/\/www.cp-rup.com\/fr\/wp-json\/wp\/v2\/categories?post=6301"},{"taxonomy":"post_tag","embeddable":true,"href":"https:\/\/www.cp-rup.com\/fr\/wp-json\/wp\/v2\/tags?post=6301"}],"curies":[{"name":"wp","href":"https:\/\/api.w.org\/{rel}","templated":true}]}}