{"id":6304,"date":"2018-05-25T15:04:30","date_gmt":"2018-05-25T15:04:30","guid":{"rendered":"https:\/\/cp-rup.com\/?p=6304"},"modified":"2021-03-25T11:59:55","modified_gmt":"2021-03-25T11:59:55","slug":"reunion-du-comite-de-suivi-de-la-cprup-a-bruxelles-du-23-au-25-mai-2018","status":"publish","type":"post","link":"https:\/\/www.cp-rup.com\/fr\/reunion-du-comite-de-suivi-de-la-cprup-a-bruxelles-du-23-au-25-mai-2018\/","title":{"rendered":"R\u00e9union du comit\u00e9 de suivi de la CPRUP \u00e0 Bruxelles du 23 au 25 mai 2018"},"content":{"rendered":"<p>25\/05\/2018<\/p>\n<p>Les membres du comit\u00e9 de suivi (CdS) de la Conf\u00e9rence des pr\u00e9sidents des r\u00e9gions ultrap\u00e9riph\u00e9riques se sont r\u00e9unis les 23, 24 et 25 mai \u00e0 la D\u00e9l\u00e9gation du Gouvernement des \u00eeles Canaries \u00e0 Bruxelles, sous la pr\u00e9sidence des Canaries.<\/p>\n<p>Durant ces trois jours de travail, les membres du Comit\u00e9 ont eu l\u2019occasion de travailler \u00e0 l\u2019organisation des diff\u00e9rents \u00e9v\u00e9nements qui auront lieu au cours des prochains mois o\u00f9 les RUP occuperont une place importante \u00e0 l\u2019ordre du jour europ\u00e9en, ceux-ci \u00e9tant entre autres\u00a0: le Forum sur l\u2019\u00e9conomie Bleue, la Semaine europ\u00e9enne de l\u2019\u00e9nergie durable, une r\u00e9union avec le pr\u00e9sident du Parlement europ\u00e9en, une pr\u00e9sentation par la Commission europ\u00e9enne des propositions relatives au cadre financier pluriannuel, un atelier sp\u00e9cifique RUP dans le cadre de <em>Regio Week<\/em> et la prochaine conf\u00e9rence annuelle des pr\u00e9sidents des RUP \u00e0 tenir en novembre aux \u00eeles Canaries.<\/p>\n<p>De m\u00eame, les premi\u00e8res propositions de la Commission europ\u00e9enne apr\u00e8s 2020 ont \u00e9t\u00e9 analys\u00e9es, tant celles de la communication de la Commission europ\u00e9enne sur les RUP, publi\u00e9e en 2017 et intitul\u00e9e \u00ab\u00a0Un partenariat strat\u00e9gique renouvel\u00e9 et renforc\u00e9 avec les r\u00e9gions ultrap\u00e9riph\u00e9riques de l&rsquo;Union europ\u00e9enne\u00a0\u00bb, que du Cadre financier pluriannuel apr\u00e8s 2020.<\/p>\n<p>Enfin, le Comit\u00e9 a tenu une r\u00e9union avec l&rsquo;Unit\u00e9 des r\u00e9gions ultrap\u00e9riph\u00e9riques relavant de la Direction g\u00e9n\u00e9rale \u00ab\u00a0Politique r\u00e9gionale\u00a0\u00bb (DG REGIO) de la Commission europ\u00e9enne ax\u00e9e sur le suivi des actions pr\u00e9vues dans la communication sur les RUP.<\/p>\n","protected":false},"excerpt":{"rendered":"<p>25\/05\/2018 Les membres du comit\u00e9 de suivi (CdS) de la Conf\u00e9rence des pr\u00e9sidents des r\u00e9gions ultrap\u00e9riph\u00e9riques se sont r\u00e9unis les 23, 24 et 25 mai \u00e0 la D\u00e9l\u00e9gation du Gouvernement des \u00eeles Canaries \u00e0 Bruxelles, sous la pr\u00e9sidence des Canaries. Durant ces trois jours de travail, les membres du Comit\u00e9 ont eu l\u2019occasion de travailler [&hellip;]<\/p>\n","protected":false},"author":37,"featured_media":1708,"comment_status":"open","ping_status":"open","sticky":false,"template":"","format":"standard","meta":{"_acf_changed":false,"footnotes":"","_links_to":"","_links_to_target":""},"categories":[223],"tags":[],"class_list":["post-6304","post","type-post","status-publish","format-standard","has-post-thumbnail","hentry","category-sin-categoria-fr"],"acf":[],"_links":{"self":[{"href":"https:\/\/www.cp-rup.com\/fr\/wp-json\/wp\/v2\/posts\/6304","targetHints":{"allow":["GET"]}}],"collection":[{"href":"https:\/\/www.cp-rup.com\/fr\/wp-json\/wp\/v2\/posts"}],"about":[{"href":"https:\/\/www.cp-rup.com\/fr\/wp-json\/wp\/v2\/types\/post"}],"author":[{"embeddable":true,"href":"https:\/\/www.cp-rup.com\/fr\/wp-json\/wp\/v2\/users\/37"}],"replies":[{"embeddable":true,"href":"https:\/\/www.cp-rup.com\/fr\/wp-json\/wp\/v2\/comments?post=6304"}],"version-history":[{"count":1,"href":"https:\/\/www.cp-rup.com\/fr\/wp-json\/wp\/v2\/posts\/6304\/revisions"}],"predecessor-version":[{"id":6305,"href":"https:\/\/www.cp-rup.com\/fr\/wp-json\/wp\/v2\/posts\/6304\/revisions\/6305"}],"wp:featuredmedia":[{"embeddable":true,"href":"https:\/\/www.cp-rup.com\/fr\/wp-json\/wp\/v2\/media\/1708"}],"wp:attachment":[{"href":"https:\/\/www.cp-rup.com\/fr\/wp-json\/wp\/v2\/media?parent=6304"}],"wp:term":[{"taxonomy":"category","embeddable":true,"href":"https:\/\/www.cp-rup.com\/fr\/wp-json\/wp\/v2\/categories?post=6304"},{"taxonomy":"post_tag","embeddable":true,"href":"https:\/\/www.cp-rup.com\/fr\/wp-json\/wp\/v2\/tags?post=6304"}],"curies":[{"name":"wp","href":"https:\/\/api.w.org\/{rel}","templated":true}]}}