{"id":6319,"date":"2018-03-12T15:10:09","date_gmt":"2018-03-12T15:10:09","guid":{"rendered":"https:\/\/cp-rup.com\/?p=6319"},"modified":"2021-03-25T15:51:46","modified_gmt":"2021-03-25T15:51:46","slug":"les-rup-introduisent-lultra-peripherie-dans-lagenda-europeen-du-brexit","status":"publish","type":"post","link":"https:\/\/www.cp-rup.com\/fr\/les-rup-introduisent-lultra-peripherie-dans-lagenda-europeen-du-brexit\/","title":{"rendered":"Les RUP introduisent l&rsquo;ultra-p\u00e9riph\u00e9rie dans l&rsquo;agenda europ\u00e9en du Brexit"},"content":{"rendered":"<p>03\/12\/2018<\/p>\n<p>Le Pr\u00e9sident des \u00eeles Canaries, Fernando Clavijo, a transmis au n\u00e9gociateur de l&rsquo;Union europ\u00e9enne (UE) pour le \u00ab brexit \u00bb Michel Barnier, la pr\u00e9occupation de la communaut\u00e9 espagnole et les autres r\u00e9gions ultrap\u00e9riph\u00e9riques, sur le potentiel impact n\u00e9gatif que souffrira son \u00e9conomie en raison du d\u00e9part du Royaume-Uni du bloc communautaire, probablement en 2019.<\/p>\n<p>Le titulaire de l&rsquo;ex\u00e9cutif canarien, qui a assist\u00e9 \u00e0 cette r\u00e9union en tant que pr\u00e9sident de la Conf\u00e9rence des pr\u00e9sidents des RUP, a expliqu\u00e9 de mani\u00e8re exhaustive la situation de ces r\u00e9gions europ\u00e9ennes les plus vuln\u00e9rables, face \u00e0 un d\u00e9part non ordonn\u00e9 du Royaume-Uni et \u00e0 tout sc\u00e9nario de d\u00e9t\u00e9rioration des relations futures entre l&rsquo;UE et le Royaume-Uni en tant que pays tiers.<\/p>\n<p>Fernando Clavijo a transmis une lettre et plusieurs rapports pr\u00e9liminaires \u00e0 Michel Barnier il y a quelques mois sur les cons\u00e9quences du Brexit pour divers secteurs de l&rsquo;\u00e9conomie des Canaries (tourisme, agriculture, immobilier, etc.), avec des documents pr\u00e9par\u00e9s par la commission de travail cr\u00e9\u00e9e au \u00celes pour suivre ce processus. \u00c0 ladite lettre, Barnier a r\u00e9pondu, en d\u00e9clarant textuellement que \u00ab\u00a0je suis tr\u00e8s sensible aux int\u00e9r\u00eats des r\u00e9gions ultrap\u00e9riph\u00e9riques, dont je connais tr\u00e8s bien les sp\u00e9cificit\u00e9s\u00a0\u00bb.<\/p>\n<p>La r\u00e9union a \u00e9t\u00e9 \u00e9galement assist\u00e9 par le sous-ministre de l&rsquo;Economie et des Affaires \u00e9conomiques Canaries avec l&rsquo;Union europ\u00e9enne, Ildefonso Socorro, qui a inform\u00e9 Barnier les pr\u00e9occupations du reste des RUP concernant l&rsquo;impact du brexit, et un rapport sur l&rsquo;impact concret du \u00ab brexit \u00bb sur les Canaries et Mad\u00e8re.<\/p>\n<p>\u00ab Il y a des d\u00e9partements d&rsquo;outre-mer dans les Cara\u00efbes, comme la Guadeloupe, la Martinique et Saint-Martin, qu\u2019ils ont une relation tr\u00e8s particuli\u00e8re avec les pays et territoires d&rsquo;outre-mer britanniques et ont une tr\u00e8s grande pr\u00e9occupation pour la fa\u00e7on que le brexit peut affecter leurs relations \u00bb il a comment\u00e9.<\/p>\n<p>Clavijo a jug\u00e9 \u00ab\u00a0important\u00a0\u00bb que les RUP puissent montrer leurs singularit\u00e9s de premi\u00e8re main et a d\u00e9clar\u00e9 que \u00ab\u00a0nous avons re\u00e7u de Barnier, qui a \u00e9t\u00e9 Commissaire de Politique R\u00e9gionale, un accueil tr\u00e8s favorable \u00e0 notre situation\u00a0\u00bb.<\/p>\n","protected":false},"excerpt":{"rendered":"<p>03\/12\/2018 Le Pr\u00e9sident des \u00eeles Canaries, Fernando Clavijo, a transmis au n\u00e9gociateur de l&rsquo;Union europ\u00e9enne (UE) pour le \u00ab brexit \u00bb Michel Barnier, la pr\u00e9occupation de la communaut\u00e9 espagnole et les autres r\u00e9gions ultrap\u00e9riph\u00e9riques, sur le potentiel impact n\u00e9gatif que souffrira son \u00e9conomie en raison du d\u00e9part du Royaume-Uni du bloc communautaire, probablement en 2019. [&hellip;]<\/p>\n","protected":false},"author":37,"featured_media":4043,"comment_status":"open","ping_status":"open","sticky":false,"template":"","format":"standard","meta":{"_acf_changed":false,"footnotes":"","_links_to":"","_links_to_target":""},"categories":[223],"tags":[],"class_list":["post-6319","post","type-post","status-publish","format-standard","has-post-thumbnail","hentry","category-sin-categoria-fr"],"acf":[],"_links":{"self":[{"href":"https:\/\/www.cp-rup.com\/fr\/wp-json\/wp\/v2\/posts\/6319","targetHints":{"allow":["GET"]}}],"collection":[{"href":"https:\/\/www.cp-rup.com\/fr\/wp-json\/wp\/v2\/posts"}],"about":[{"href":"https:\/\/www.cp-rup.com\/fr\/wp-json\/wp\/v2\/types\/post"}],"author":[{"embeddable":true,"href":"https:\/\/www.cp-rup.com\/fr\/wp-json\/wp\/v2\/users\/37"}],"replies":[{"embeddable":true,"href":"https:\/\/www.cp-rup.com\/fr\/wp-json\/wp\/v2\/comments?post=6319"}],"version-history":[{"count":1,"href":"https:\/\/www.cp-rup.com\/fr\/wp-json\/wp\/v2\/posts\/6319\/revisions"}],"predecessor-version":[{"id":6320,"href":"https:\/\/www.cp-rup.com\/fr\/wp-json\/wp\/v2\/posts\/6319\/revisions\/6320"}],"wp:featuredmedia":[{"embeddable":true,"href":"https:\/\/www.cp-rup.com\/fr\/wp-json\/wp\/v2\/media\/4043"}],"wp:attachment":[{"href":"https:\/\/www.cp-rup.com\/fr\/wp-json\/wp\/v2\/media?parent=6319"}],"wp:term":[{"taxonomy":"category","embeddable":true,"href":"https:\/\/www.cp-rup.com\/fr\/wp-json\/wp\/v2\/categories?post=6319"},{"taxonomy":"post_tag","embeddable":true,"href":"https:\/\/www.cp-rup.com\/fr\/wp-json\/wp\/v2\/tags?post=6319"}],"curies":[{"name":"wp","href":"https:\/\/api.w.org\/{rel}","templated":true}]}}