{"id":6330,"date":"2018-02-20T15:14:36","date_gmt":"2018-02-20T15:14:36","guid":{"rendered":"https:\/\/cp-rup.com\/?p=6330"},"modified":"2021-03-25T12:04:49","modified_gmt":"2021-03-25T12:04:49","slug":"cinquante-etudiants-et-professeurs-de-six-pays-europeens-participent-a-une-journee-pour-en-apprendre-davantage-sur-les-rup-2","status":"publish","type":"post","link":"https:\/\/www.cp-rup.com\/fr\/cinquante-etudiants-et-professeurs-de-six-pays-europeens-participent-a-une-journee-pour-en-apprendre-davantage-sur-les-rup-2\/","title":{"rendered":"Cinquante \u00e9tudiants et professeurs de six pays europ\u00e9ens participent \u00e0 une journ\u00e9e pour en apprendre davantage sur les RUP"},"content":{"rendered":"<p>20\/02\/2018<\/p>\n<p>Ildefonso Socorro, sous-ministre de l&rsquo;Economie et des Affaires \u00e9conomiques avec l&rsquo;UE des \u00eeles Canaries, a d\u00e9clar\u00e9 ce matin la situation des \u00eeles en tant que r\u00e9gion ultrap\u00e9riph\u00e9rique cinquante \u00e9tudiants et les enseignants six pays de l&rsquo;UE (Italie, Luxembourg, Bulgarie, France, Belgique et Canarias) participant \u00e0 un \u00e9change du projet Erasmus L&rsquo;Europe: notre projet com\u00fan, qui se d\u00e9roule ces jours-ci \u00e0 Gran Canaria.<\/p>\n<p>Le repr\u00e9sentant du minist\u00e8re de l&rsquo;\u00c9conomie, de l&rsquo;Industrie, du Commerce et de la Connaissance du gouvernement des \u00celes Canaries a rappel\u00e9 aux jeunes que le concept de r\u00e9gion ultrap\u00e9riph\u00e9rique a \u00e9t\u00e9 invent\u00e9 par l&rsquo;Union europ\u00e9enne pour identifier \u00abune r\u00e9alit\u00e9 territoriale unique et unique\u00bb. Socorro les a inform\u00e9s qu&rsquo;il existe actuellement neuf r\u00e9gions ultrap\u00e9riph\u00e9riques en Europe (\u00eeles Canaries, A\u00e7ores, Mad\u00e8re, Guadeloupe, Saint-Martin, Guyane fran\u00e7aise, Martinique, R\u00e9union et Mayotte) avec une population totale de quatre millions de personnes qui vivent dans trois mers et oc\u00e9ans diff\u00e9rent<\/p>\n<p>Les facteurs d\u00e9terminants qui caract\u00e9risent les RUP sont: l&rsquo;insularit\u00e9, le relief et les climats d\u00e9favorables, la petite superficie, la grande distance du continent europ\u00e9en et sa proximit\u00e9 avec les pays tiers.<\/p>\n<p>Aussi Ildefonso Socorro a donn\u00e9 un aper\u00e7u des actions entreprises par le Gouvernement des \u00eeles Canaries cette ann\u00e9e qui correspond aux \u00eeles et plus particuli\u00e8rement Fernando Clavijo, pr\u00e9sident de la Conf\u00e9rence des pr\u00e9sidents des r\u00e9gions ultrap\u00e9riph\u00e9riques.<\/p>\n<p>Le projet dans lequel travaillent ces jeunes encourage l&rsquo;approche des institutions europ\u00e9ennes et l&rsquo;esprit critique pour d\u00e9battre des objectifs \u00e0 l&rsquo;origine de l&rsquo;UE et des priorit\u00e9s de l&rsquo;avenir. \u00c9galement de nouvelles technologies dans l&rsquo;apprentissage et des valeurs sociales telles que le respect et l&rsquo;int\u00e9gration en Europe.<\/p>\n<p>Les \u00e9tudiants ont entre 14 et 17 ans et \u00e9tudient dans des instituts publics de leurs localit\u00e9s. Le projet est une association scolaire Erasmus + KA2. Le centre de Grande Canarie qui accueille cette mobilit\u00e9 est l&rsquo;IES Joaqu\u00edn Artiles de Ag\u00fcimes.<\/p>\n<p>Les \u00e9tudiants de Las Islas qui participent au projet accueillent leurs camarades de classe d&rsquo;autres pays dans leurs foyers et seront plus tard accueillis par eux dans un autre \u00e9change pr\u00e9vu. Ce cours du programme Erasmus europ\u00e9en couvre deux ann\u00e9es scolaires.<\/p>\n","protected":false},"excerpt":{"rendered":"<p>20\/02\/2018 Ildefonso Socorro, sous-ministre de l&rsquo;Economie et des Affaires \u00e9conomiques avec l&rsquo;UE des \u00eeles Canaries, a d\u00e9clar\u00e9 ce matin la situation des \u00eeles en tant que r\u00e9gion ultrap\u00e9riph\u00e9rique cinquante \u00e9tudiants et les enseignants six pays de l&rsquo;UE (Italie, Luxembourg, Bulgarie, France, Belgique et Canarias) participant \u00e0 un \u00e9change du projet Erasmus L&rsquo;Europe: notre projet com\u00fan, [&hellip;]<\/p>\n","protected":false},"author":37,"featured_media":1124,"comment_status":"open","ping_status":"open","sticky":false,"template":"","format":"standard","meta":{"_acf_changed":false,"footnotes":"","_links_to":"","_links_to_target":""},"categories":[223],"tags":[],"class_list":["post-6330","post","type-post","status-publish","format-standard","has-post-thumbnail","hentry","category-sin-categoria-fr"],"acf":[],"_links":{"self":[{"href":"https:\/\/www.cp-rup.com\/fr\/wp-json\/wp\/v2\/posts\/6330","targetHints":{"allow":["GET"]}}],"collection":[{"href":"https:\/\/www.cp-rup.com\/fr\/wp-json\/wp\/v2\/posts"}],"about":[{"href":"https:\/\/www.cp-rup.com\/fr\/wp-json\/wp\/v2\/types\/post"}],"author":[{"embeddable":true,"href":"https:\/\/www.cp-rup.com\/fr\/wp-json\/wp\/v2\/users\/37"}],"replies":[{"embeddable":true,"href":"https:\/\/www.cp-rup.com\/fr\/wp-json\/wp\/v2\/comments?post=6330"}],"version-history":[{"count":1,"href":"https:\/\/www.cp-rup.com\/fr\/wp-json\/wp\/v2\/posts\/6330\/revisions"}],"predecessor-version":[{"id":6331,"href":"https:\/\/www.cp-rup.com\/fr\/wp-json\/wp\/v2\/posts\/6330\/revisions\/6331"}],"wp:featuredmedia":[{"embeddable":true,"href":"https:\/\/www.cp-rup.com\/fr\/wp-json\/wp\/v2\/media\/1124"}],"wp:attachment":[{"href":"https:\/\/www.cp-rup.com\/fr\/wp-json\/wp\/v2\/media?parent=6330"}],"wp:term":[{"taxonomy":"category","embeddable":true,"href":"https:\/\/www.cp-rup.com\/fr\/wp-json\/wp\/v2\/categories?post=6330"},{"taxonomy":"post_tag","embeddable":true,"href":"https:\/\/www.cp-rup.com\/fr\/wp-json\/wp\/v2\/tags?post=6330"}],"curies":[{"name":"wp","href":"https:\/\/api.w.org\/{rel}","templated":true}]}}