{"id":6338,"date":"2018-01-31T15:18:04","date_gmt":"2018-01-31T15:18:04","guid":{"rendered":"https:\/\/cp-rup.com\/?p=6338"},"modified":"2021-03-25T12:06:49","modified_gmt":"2021-03-25T12:06:49","slug":"soutien-unanime-du-comite-europeen-des-regions","status":"publish","type":"post","link":"https:\/\/www.cp-rup.com\/fr\/soutien-unanime-du-comite-europeen-des-regions\/","title":{"rendered":"Soutien unanime du Comit\u00e9 europ\u00e9en des r\u00e9gions"},"content":{"rendered":"<p>31\/01\/2018<\/p>\n<p>Le plein Comit\u00e9 europ\u00e9en des r\u00e9gions a adopt\u00e9 l&rsquo;avis \u00ab Vers une pleine mise en \u0153uvre de la strat\u00e9gie europ\u00e9enne renouvel\u00e9e pour les r\u00e9gions ultrap\u00e9riph\u00e9riques \u00bb sur la nouvelle strat\u00e9gie de la Commission europ\u00e9enne pour ces r\u00e9gions mercredi. Le vote est intervenu apr\u00e8s l&rsquo;intervention du pr\u00e9sident des \u00eeles Canaries, Fernando Clavijo, actuel chef de la Conf\u00e9rence des pr\u00e9sidents des r\u00e9gions ultrap\u00e9riph\u00e9riques, qui a d\u00e9fendu \u00e0 la Chambre, les strat\u00e9gies futures pour les r\u00e9gions ultrap\u00e9riph\u00e9riques de l&rsquo;Union europ\u00e9enne neuf. Sa th\u00e8se a \u00e9t\u00e9 d\u00e9velopp\u00e9e en tant que conf\u00e9rencier avec satisfaction que cet avis sobrepasase traitement europ\u00e9en avec un large consensus et sans amendements ont \u00e9t\u00e9 soumis.<\/p>\n<p>Le chef d&rsquo;\u00e9quipe des r\u00e9gions ultrap\u00e9riph\u00e9riques d\u00e9vida les diff\u00e9rentes sections qui articulent l&rsquo;avis soumis \u00e0 la pl\u00e9ni\u00e8re du Comit\u00e9 des r\u00e9gions, notant que dans la premi\u00e8re montre que les salles d&rsquo;op\u00e9ration sont \u00e0 l&rsquo;avant-garde des d\u00e9fis que doit relever l&rsquo;Europe, \u00a0\u00bb doit traiter, en particulier, les d\u00e9fis sociaux, environnementaux et les changements climatiques et l&rsquo;\u00e9norme d\u00e9fi de la gestion des flux migratoires \u00bb.<\/p>\n<p>Fernando Clavijo d\u00e9fendu devant la pl\u00e9ni\u00e8re du Comit\u00e9 des r\u00e9gions \u00e0 \u00ab RUP sont une grande opportunit\u00e9 pour l&rsquo;Europe dans son ensemble, ce qui constitue d&rsquo;excellents laboratoires d&rsquo;essais pour des projets innovants et r\u00e9plicables \u00bb et sp\u00e9cifiquement mentionn\u00e9s \u00ab les \u00e9normes potentiels de secteurs bleu et l&rsquo;\u00e9conomie verte ont dans les RUP et l&rsquo;engagement au d\u00e9veloppement de l&rsquo;\u00e9conomie circulaire et la promotion de l&rsquo;\u00e9nergie propre \u00ab\u00a0.<\/p>\n","protected":false},"excerpt":{"rendered":"<p>31\/01\/2018 Le plein Comit\u00e9 europ\u00e9en des r\u00e9gions a adopt\u00e9 l&rsquo;avis \u00ab Vers une pleine mise en \u0153uvre de la strat\u00e9gie europ\u00e9enne renouvel\u00e9e pour les r\u00e9gions ultrap\u00e9riph\u00e9riques \u00bb sur la nouvelle strat\u00e9gie de la Commission europ\u00e9enne pour ces r\u00e9gions mercredi. Le vote est intervenu apr\u00e8s l&rsquo;intervention du pr\u00e9sident des \u00eeles Canaries, Fernando Clavijo, actuel chef de [&hellip;]<\/p>\n","protected":false},"author":37,"featured_media":784,"comment_status":"open","ping_status":"open","sticky":false,"template":"","format":"standard","meta":{"_acf_changed":false,"footnotes":"","_links_to":"","_links_to_target":""},"categories":[223],"tags":[],"class_list":["post-6338","post","type-post","status-publish","format-standard","has-post-thumbnail","hentry","category-sin-categoria-fr"],"acf":[],"_links":{"self":[{"href":"https:\/\/www.cp-rup.com\/fr\/wp-json\/wp\/v2\/posts\/6338","targetHints":{"allow":["GET"]}}],"collection":[{"href":"https:\/\/www.cp-rup.com\/fr\/wp-json\/wp\/v2\/posts"}],"about":[{"href":"https:\/\/www.cp-rup.com\/fr\/wp-json\/wp\/v2\/types\/post"}],"author":[{"embeddable":true,"href":"https:\/\/www.cp-rup.com\/fr\/wp-json\/wp\/v2\/users\/37"}],"replies":[{"embeddable":true,"href":"https:\/\/www.cp-rup.com\/fr\/wp-json\/wp\/v2\/comments?post=6338"}],"version-history":[{"count":1,"href":"https:\/\/www.cp-rup.com\/fr\/wp-json\/wp\/v2\/posts\/6338\/revisions"}],"predecessor-version":[{"id":6339,"href":"https:\/\/www.cp-rup.com\/fr\/wp-json\/wp\/v2\/posts\/6338\/revisions\/6339"}],"wp:featuredmedia":[{"embeddable":true,"href":"https:\/\/www.cp-rup.com\/fr\/wp-json\/wp\/v2\/media\/784"}],"wp:attachment":[{"href":"https:\/\/www.cp-rup.com\/fr\/wp-json\/wp\/v2\/media?parent=6338"}],"wp:term":[{"taxonomy":"category","embeddable":true,"href":"https:\/\/www.cp-rup.com\/fr\/wp-json\/wp\/v2\/categories?post=6338"},{"taxonomy":"post_tag","embeddable":true,"href":"https:\/\/www.cp-rup.com\/fr\/wp-json\/wp\/v2\/tags?post=6338"}],"curies":[{"name":"wp","href":"https:\/\/api.w.org\/{rel}","templated":true}]}}